{"id":2473,"date":"2020-10-30T15:25:54","date_gmt":"2020-10-30T15:25:54","guid":{"rendered":"http:\/\/www.ignacioprocacitto.com.ar\/sitio\/?p=2473"},"modified":"2020-10-30T15:25:54","modified_gmt":"2020-10-30T15:25:54","slug":"de-menor-a-mayor-en-el-regreso","status":"publish","type":"post","link":"https:\/\/ignacioprocacitto.com.ar\/sitio\/2020\/10\/30\/de-menor-a-mayor-en-el-regreso\/","title":{"rendered":"De menor a mayor en el regreso"},"content":{"rendered":"\n<p><strong><em>Ignacio Procacitto sum\u00f3 puntos para mantenerse entre los diez mejores del campeonato de Clase 2<\/em><\/strong><\/p>\n\n\n\n<!--more-->\n\n\n\n<p>La vuelta a las pistas para Ignacio Procacitto fue compleja,\npero se termin\u00f3 con un muy buen rendimiento para sumar puntos y seguir entre\nlos mejores del campeonato de Turismo Nacional Clase 2.<\/p>\n\n\n\n<p>El martes se disput\u00f3 \u00edntegramente la tercera fecha, y\nbuscando un buen funcionamiento en el Volkswagen Gol Trend n\u00famero 31, jug\u00f3 una\nmala pasada la escasa actividad, con un solo entrenamiento. Clasificando en el\npuesto 15, se intent\u00f3 avanzar en la serie pero qued\u00f3 relegado al puesto 13 por\nuna sanci\u00f3n cuestionable. En la competencia final, gan\u00f3 varias colocaciones\npero no estando a gusto con el rendimiento del auto, culminando 22\u00ba.<\/p>\n\n\n\n<p>Para el mi\u00e9rcoles hubo un trabajo incansable de todo el\nequipo, junto a Gonzalo Ceballos en la configuraci\u00f3n del chasis, y la unidad\nmotorizada por los hermanos Riva tuvo un salto importante en funcionamiento.\nFue noveno en entrenamientos y si bien en clasificaci\u00f3n no se logr\u00f3 el tiempo\nideal, quedando 20\u00ba, tuvo una buena serie ganando dos lugares. <\/p>\n\n\n\n<p>Partiendo en la octava fila la final, el espect\u00e1culo fue\ncomplicado por la aparici\u00f3n de lloviznas varias, que jugaron una mala pasada en\nvarios participantes, incluyendo a \u2018Nachi\u2019 Procacitto. Luego de una primera\nvuelta fant\u00e1stica, quedando al borde de los diez primeros, un despiste en el\ncurv\u00f3n m\u00e1s veloz del trazado lo dej\u00f3 18\u00ba, y tuvo que volver a remontar para\nllegar en el puesto once, que equivale a obtener buenos puntos y mantenerse\nentre los diez mejores del certamen.<\/p>\n\n\n\n<p>Luego de la doble fecha, el rosense analiz\u00f3: \u201cHoy tuvimos\nuna buena mejora en el auto y hab\u00edamos trabajado en funci\u00f3n de eso. No tuvimos\nuna buena clasificaci\u00f3n, y en la serie avanzamos un poco. En la final tuvimos\nun percance al tomar el curv\u00f3n en una parte con poco grip y casi entrando en\ntrompo, por suerte lo pude sacar\u201d.<\/p>\n\n\n\n<p>Y complet\u00f3: \u201cLo importante es que llegamos, sumamos y\nand\u00e1bamos en buen ritmo. Ahora estamos esperando saber d\u00f3nde ser\u00e1 la pr\u00f3xima\nfecha doble. Si es en La Plata ya tenemos informaci\u00f3n para trabajar, y si es en\nSan Nicol\u00e1s tambi\u00e9n producto de la prueba que realizamos semanas atr\u00e1s\u201d.<\/p>\n\n\n\n<p>La pr\u00f3xima fecha ser\u00e1 el fin de semana del 21 y 22 de\nnoviembre, con fecha doble, por el momento en La Plata. Procacitto se encuentra\nen la d\u00e9cima posici\u00f3n en el campeonato y espera progresar y acercarse a los\npuestos de punta en la segunda mitad del acotado calendario.<\/p>\n","protected":false},"excerpt":{"rendered":"<p>Ignacio Procacitto sum\u00f3 puntos para mantenerse entre los diez mejores del campeonato de Clase 2<\/p>\n","protected":false},"author":1,"featured_media":2475,"comment_status":"closed","ping_status":"closed","sticky":false,"template":"","format":"standard","meta":{"footnotes":""},"categories":[3],"tags":[],"class_list":["post-2473","post","type-post","status-publish","format-standard","has-post-thumbnail","hentry","category-novedades"],"_links":{"self":[{"href":"https:\/\/ignacioprocacitto.com.ar\/sitio\/wp-json\/wp\/v2\/posts\/2473","targetHints":{"allow":["GET"]}}],"collection":[{"href":"https:\/\/ignacioprocacitto.com.ar\/sitio\/wp-json\/wp\/v2\/posts"}],"about":[{"href":"https:\/\/ignacioprocacitto.com.ar\/sitio\/wp-json\/wp\/v2\/types\/post"}],"author":[{"embeddable":true,"href":"https:\/\/ignacioprocacitto.com.ar\/sitio\/wp-json\/wp\/v2\/users\/1"}],"replies":[{"embeddable":true,"href":"https:\/\/ignacioprocacitto.com.ar\/sitio\/wp-json\/wp\/v2\/comments?post=2473"}],"version-history":[{"count":0,"href":"https:\/\/ignacioprocacitto.com.ar\/sitio\/wp-json\/wp\/v2\/posts\/2473\/revisions"}],"wp:featuredmedia":[{"embeddable":true,"href":"https:\/\/ignacioprocacitto.com.ar\/sitio\/wp-json\/wp\/v2\/media\/2475"}],"wp:attachment":[{"href":"https:\/\/ignacioprocacitto.com.ar\/sitio\/wp-json\/wp\/v2\/media?parent=2473"}],"wp:term":[{"taxonomy":"category","embeddable":true,"href":"https:\/\/ignacioprocacitto.com.ar\/sitio\/wp-json\/wp\/v2\/categories?post=2473"},{"taxonomy":"post_tag","embeddable":true,"href":"https:\/\/ignacioprocacitto.com.ar\/sitio\/wp-json\/wp\/v2\/tags?post=2473"}],"curies":[{"name":"wp","href":"https:\/\/api.w.org\/{rel}","templated":true}]}}