{"id":2505,"date":"2020-11-19T22:22:54","date_gmt":"2020-11-19T22:22:54","guid":{"rendered":"http:\/\/www.ignacioprocacitto.com.ar\/sitio\/?p=2505"},"modified":"2020-11-19T22:22:54","modified_gmt":"2020-11-19T22:22:54","slug":"ausente-por-asuntos-de-salud","status":"publish","type":"post","link":"https:\/\/ignacioprocacitto.com.ar\/sitio\/2020\/11\/19\/ausente-por-asuntos-de-salud\/","title":{"rendered":"Ausente por motivos de salud"},"content":{"rendered":"\n<p>Ignacio Procacitto no tomar\u00e1 parte de las fechas 5 y 6 del Turismo Nacional Clase 2, luego de no encontrarse en el mejor estado de salud. Hasta \u00faltimo momento hizo todo para poder estar, pero con responsabilidad asumi\u00f3 el no ir, incluso sabiendo que sus s\u00edntomas no son por culpa del Covid-19.<\/p>\n\n\n\n<!--more-->\n\n\n\n<p>El representante de Las Rosas transita una semana muy molesta, por tener s\u00edntomas compatibles con el Coronavirus, aunque luego de dos test, se constat\u00f3 de que el malestar no tiene que ver con la pandemia. Por otra parte, no solamente qued\u00f3 afectada la carrera de TN, sino tambi\u00e9n su estudio de Ingeniero Agr\u00f3nomo, y apenas pueda recuperarse del estado de reposo, deber\u00e1 tomar responsabilidades de estudio y de trabajo. En lo deportivo, tendr\u00e1 que esperar al cierre de temporada para volver a subirse al Volkswagen Gol Trend n\u00famero 31, que estaba totalmente listo.<\/p>\n\n\n\n<p>&#8220;Yo no me sent\u00eda bien y ten\u00eda s\u00edntomas de Covid-19, y no ten\u00eda los resultados confirmados de si era positivo o negativo. Hicimos un test r\u00e1pido que dio negativo, y hoy supe mediante un Test PCR que soy negativo de Coronavirus. Pero sigo sinti\u00e9ndome mal y tuve que tomar la decisi\u00f3n de no ir, porque no me parec\u00eda \u00e9tico ni responsable estar y hacerle correr el riesgo al resto de que se enfermen&#8221;, asegur\u00f3 Ignacio Procacitto.<\/p>\n","protected":false},"excerpt":{"rendered":"<p>Ignacio Procacitto no tomar\u00e1 parte de las fechas 5 y 6 del Turismo Nacional Clase 2, luego de no encontrarse en el mejor estado de salud. Hasta \u00faltimo momento hizo todo para poder estar, pero con responsabilidad asumi\u00f3 el no ir, incluso sabiendo que sus s\u00edntomas no son por culpa del Covid-19.<\/p>\n","protected":false},"author":1,"featured_media":2507,"comment_status":"closed","ping_status":"closed","sticky":false,"template":"","format":"standard","meta":{"footnotes":""},"categories":[3],"tags":[],"class_list":["post-2505","post","type-post","status-publish","format-standard","has-post-thumbnail","hentry","category-novedades"],"_links":{"self":[{"href":"https:\/\/ignacioprocacitto.com.ar\/sitio\/wp-json\/wp\/v2\/posts\/2505","targetHints":{"allow":["GET"]}}],"collection":[{"href":"https:\/\/ignacioprocacitto.com.ar\/sitio\/wp-json\/wp\/v2\/posts"}],"about":[{"href":"https:\/\/ignacioprocacitto.com.ar\/sitio\/wp-json\/wp\/v2\/types\/post"}],"author":[{"embeddable":true,"href":"https:\/\/ignacioprocacitto.com.ar\/sitio\/wp-json\/wp\/v2\/users\/1"}],"replies":[{"embeddable":true,"href":"https:\/\/ignacioprocacitto.com.ar\/sitio\/wp-json\/wp\/v2\/comments?post=2505"}],"version-history":[{"count":0,"href":"https:\/\/ignacioprocacitto.com.ar\/sitio\/wp-json\/wp\/v2\/posts\/2505\/revisions"}],"wp:featuredmedia":[{"embeddable":true,"href":"https:\/\/ignacioprocacitto.com.ar\/sitio\/wp-json\/wp\/v2\/media\/2507"}],"wp:attachment":[{"href":"https:\/\/ignacioprocacitto.com.ar\/sitio\/wp-json\/wp\/v2\/media?parent=2505"}],"wp:term":[{"taxonomy":"category","embeddable":true,"href":"https:\/\/ignacioprocacitto.com.ar\/sitio\/wp-json\/wp\/v2\/categories?post=2505"},{"taxonomy":"post_tag","embeddable":true,"href":"https:\/\/ignacioprocacitto.com.ar\/sitio\/wp-json\/wp\/v2\/tags?post=2505"}],"curies":[{"name":"wp","href":"https:\/\/api.w.org\/{rel}","templated":true}]}}