{"id":2512,"date":"2020-12-09T00:11:51","date_gmt":"2020-12-09T00:11:51","guid":{"rendered":"http:\/\/www.ignacioprocacitto.com.ar\/sitio\/?p=2512"},"modified":"2020-12-09T00:11:51","modified_gmt":"2020-12-09T00:11:51","slug":"muy-buen-ensayo-previo-a-san-juan","status":"publish","type":"post","link":"https:\/\/ignacioprocacitto.com.ar\/sitio\/2020\/12\/09\/muy-buen-ensayo-previo-a-san-juan\/","title":{"rendered":"Muy buen ensayo previo a San Juan"},"content":{"rendered":"\n<p><em><strong>Ignacio Procacitto prob\u00f3 en San Nicol\u00e1s y viajar\u00e1 al cierre del campeonato en \u2018El Villicum\u2019<\/strong><\/em><\/p>\n\n\n\n<!--more-->\n\n\n\n<p>Tras faltar obligadamente a la anterior doble fecha, Ignacio\nProcacitto prob\u00f3 y est\u00e1 en excelentes condiciones para ir a disputar la \u00faltima\nfecha doble del Turismo Nacional Clase 2, en el aut\u00f3dromo \u2018El Villicum\u2019 de San\nJuan, en las inmediaciones de Albard\u00f3n. En un evento sin precedentes cercanos,\nel TN correr\u00e1 junto al Turismo Carretera.<\/p>\n\n\n\n<p>El Procacitto Racing se traslad\u00f3 a San Nicol\u00e1s para llevar a\ncabo una prueba previa al \u00faltimo compromiso del certamen 2020 de Turismo\nNacional. Luego de perderse la quinta y sexta fecha por anginas, el piloto de\nLas Rosas volvi\u00f3 a subirse al Volkswagen Gol Trend n\u00famero 31 y lo hizo en muy\nbuena forma. Sin necesidad de girar demasiado, se mejoraron las \u00faltimas\nreferencias y eso determin\u00f3 que el potencial es m\u00e1s que interesante para ir a\nla provincia de San Juan este fin de semana.<\/p>\n\n\n\n<p>\u201cLa prueba fue sumamente buena, el auto enseguida estuvo en\nlos tiempos l\u00f3gicos, siendo m\u00e1s r\u00e1pidos que en la \u00faltima prueba que hab\u00edamos\nhecho en San Nicol\u00e1s. No fue una prueba extensa, pero hicimos 1m38s0 y quedamos\nconformes, poniendo un buen juego de gomas y motor de correr. Vamos a ver qu\u00e9\nsucede en San Juan, nos resta acomodar el auto para tener todo listo y viajar.\nEsperemos volver a los primeros planos en este cierre de a\u00f1o\u201d, manifest\u00f3 el\nrosense.<\/p>\n\n\n\n<p>A partir del viernes habr\u00e1 actividad en \u2018El Villicum\u2019, y Procacitto espera culminar el a\u00f1o con el n\u00famero m\u00e1s bajo posible, en una temporada que ya de por s\u00ed fue positiva por el podio obtenido en Bah\u00eda Blanca, previo a la pandemia.<\/p>\n\n\n\n<p><\/p>\n\n\n\n<p><em>Cronograma:<\/em><\/p>\n\n\n\n<p><strong>Viernes:<\/strong><\/p>\n\n\n\n<p>09.00: Entrenamiento 1<\/p>\n\n\n\n<p>11.00: Entrenamiento 2<\/p>\n\n\n\n<p>15.00: Clasificaci\u00f3n Fecha 7<\/p>\n\n\n\n<p>17.00: Clasificaci\u00f3n Fecha 8<\/p>\n\n\n\n<p><strong>S\u00e1bado:<\/strong><\/p>\n\n\n\n<p>09.10: 1\u00aa Serie Fecha 7 (4 vueltas)<\/p>\n\n\n\n<p>09.35: 2\u00aa Serie Fecha 7 (4 vueltas)<\/p>\n\n\n\n<p>16.10: Final Fecha 7 (12 vueltas)<\/p>\n\n\n\n<p><strong>Domingo:<\/strong><\/p>\n\n\n\n<p>09.15: 1\u00aa Serie Fecha 8 (4 vueltas)<\/p>\n\n\n\n<p>09.35: 2\u00aa Serie Fecha 8 (4 vueltas)<\/p>\n\n\n\n<p>12.40: Final Fecha 8 (12 vueltas)<\/p>\n","protected":false},"excerpt":{"rendered":"<p>Ignacio Procacitto prob\u00f3 en San Nicol\u00e1s y viajar\u00e1 al cierre del campeonato en \u2018El Villicum\u2019<\/p>\n","protected":false},"author":1,"featured_media":2491,"comment_status":"closed","ping_status":"closed","sticky":false,"template":"","format":"standard","meta":{"footnotes":""},"categories":[3],"tags":[],"class_list":["post-2512","post","type-post","status-publish","format-standard","has-post-thumbnail","hentry","category-novedades"],"_links":{"self":[{"href":"https:\/\/ignacioprocacitto.com.ar\/sitio\/wp-json\/wp\/v2\/posts\/2512","targetHints":{"allow":["GET"]}}],"collection":[{"href":"https:\/\/ignacioprocacitto.com.ar\/sitio\/wp-json\/wp\/v2\/posts"}],"about":[{"href":"https:\/\/ignacioprocacitto.com.ar\/sitio\/wp-json\/wp\/v2\/types\/post"}],"author":[{"embeddable":true,"href":"https:\/\/ignacioprocacitto.com.ar\/sitio\/wp-json\/wp\/v2\/users\/1"}],"replies":[{"embeddable":true,"href":"https:\/\/ignacioprocacitto.com.ar\/sitio\/wp-json\/wp\/v2\/comments?post=2512"}],"version-history":[{"count":0,"href":"https:\/\/ignacioprocacitto.com.ar\/sitio\/wp-json\/wp\/v2\/posts\/2512\/revisions"}],"wp:featuredmedia":[{"embeddable":true,"href":"https:\/\/ignacioprocacitto.com.ar\/sitio\/wp-json\/wp\/v2\/media\/2491"}],"wp:attachment":[{"href":"https:\/\/ignacioprocacitto.com.ar\/sitio\/wp-json\/wp\/v2\/media?parent=2512"}],"wp:term":[{"taxonomy":"category","embeddable":true,"href":"https:\/\/ignacioprocacitto.com.ar\/sitio\/wp-json\/wp\/v2\/categories?post=2512"},{"taxonomy":"post_tag","embeddable":true,"href":"https:\/\/ignacioprocacitto.com.ar\/sitio\/wp-json\/wp\/v2\/tags?post=2512"}],"curies":[{"name":"wp","href":"https:\/\/api.w.org\/{rel}","templated":true}]}}