{"id":2515,"date":"2020-12-14T15:16:53","date_gmt":"2020-12-14T15:16:53","guid":{"rendered":"http:\/\/www.ignacioprocacitto.com.ar\/sitio\/?p=2515"},"modified":"2020-12-14T15:16:53","modified_gmt":"2020-12-14T15:16:53","slug":"consistentes-resultados-en-san-juan","status":"publish","type":"post","link":"https:\/\/ignacioprocacitto.com.ar\/sitio\/2020\/12\/14\/consistentes-resultados-en-san-juan\/","title":{"rendered":"Consistentes resultados en San Juan"},"content":{"rendered":"\n<p><strong>Ignacio Procacitto supo pelear entre los diez primeros todo el fin de semana de Clase 2 en San Juan, y escal\u00f3 en el cierre de torneo<\/strong><\/p>\n\n\n\n<!--more-->\n\n\n\n<p>Ignacio Procacitto desarroll\u00f3 con muy buen nivel la \u00faltima\nfecha doble del Turismo Nacional Clase 2, en el aut\u00f3dromo Villicum de San Juan.\nEl representante de Las Rosas fue consistente durante todo el fin de semana con\nsu Volkswagen Gol Trend, dando un firme paso hacia adelante.<\/p>\n\n\n\n<p>Desde el viernes cuando se disputaron los entrenamientos y\npruebas de clasificaci\u00f3n, Procacitto estuvo competitivo pero no se pudo aprovechar\ndel todo a la hora de clasificar, quedando d\u00e9cimo en la s\u00e9ptima fecha y vig\u00e9simo\nen la octava. Trabajando siempre en pos de mejorar el chasis, se encontr\u00f3 un\nbuen ritmo de carrera y se ver\u00eda en los d\u00edas siguientes tanto en las series\ncomo finales.<\/p>\n\n\n\n<p>El s\u00e1bado una mala largada no le permiti\u00f3 ir para adelante,\npero recuper\u00f3 puestos para rescatar un s\u00e9ptimo lugar. Luego en la final\nprogres\u00f3 varias colocaciones para terminar noveno, cumpliendo el objetivo de\nestar entre los diez mejores del TN. El domingo, otra vez en la serie no hubo\nmucha fortuna, llegando und\u00e9cimo, pero en la carrera final el rosense pas\u00f3\nmuchos autos y aprovech\u00f3 los inconvenientes ajenos para terminar octavo, y as\u00ed\nsumar valiosos puntos para recuperar terreno en el campeonato.<\/p>\n\n\n\n<p>\u201cEl fin de semana fue con saldo positivo, porque las clasificaciones\nfueron muy buenas para el s\u00e1bado y no tanto para el domingo. En la serie y\nfinal del s\u00e1bado encontramos muy buen ritmo en ambas carreras, aunque hoy no\nfue tan as\u00ed, creemos que por la goma y puesta a punta teniendo en cuenta eso.\nEstamos en carrera y debemos seguir trabajando para estar un poco m\u00e1s firmes e\nalgunos sentidos, y creo que en conjunto podemos funcionar muy bien a partir de\n2021\u201d, coment\u00f3 Ignacio Procacitto tras el buen fin de semana en San Juan.<\/p>\n\n\n\n<p>Cerrando un a\u00f1o dif\u00edcil por todo lo extradeportivo que vivi\u00f3\nel mundo, \u2018Nachi\u2019 Procacitto qued\u00f3 con excelentes sensaciones porque luego del\npodio en Bah\u00eda Blanca y estos dos buenos resultados, se culmin\u00f3 en el puesto\n14\u00ba a pesar de que falt\u00f3 a dos de las ocho carreras por un inconveniente de\nsalud. Procacitto demostr\u00f3 que est\u00e1 para cosas importantes en el TN, y junto a\nsu estructura familiar seguir\u00e1n dando pelea en 2021.<\/p>\n","protected":false},"excerpt":{"rendered":"<p>Ignacio Procacitto supo pelear entre los diez primeros todo el fin de semana de Clase 2 en San Juan, y escal\u00f3 en el cierre de torneo<\/p>\n","protected":false},"author":1,"featured_media":2517,"comment_status":"closed","ping_status":"closed","sticky":false,"template":"","format":"standard","meta":{"footnotes":""},"categories":[3],"tags":[],"class_list":["post-2515","post","type-post","status-publish","format-standard","has-post-thumbnail","hentry","category-novedades"],"_links":{"self":[{"href":"https:\/\/ignacioprocacitto.com.ar\/sitio\/wp-json\/wp\/v2\/posts\/2515","targetHints":{"allow":["GET"]}}],"collection":[{"href":"https:\/\/ignacioprocacitto.com.ar\/sitio\/wp-json\/wp\/v2\/posts"}],"about":[{"href":"https:\/\/ignacioprocacitto.com.ar\/sitio\/wp-json\/wp\/v2\/types\/post"}],"author":[{"embeddable":true,"href":"https:\/\/ignacioprocacitto.com.ar\/sitio\/wp-json\/wp\/v2\/users\/1"}],"replies":[{"embeddable":true,"href":"https:\/\/ignacioprocacitto.com.ar\/sitio\/wp-json\/wp\/v2\/comments?post=2515"}],"version-history":[{"count":0,"href":"https:\/\/ignacioprocacitto.com.ar\/sitio\/wp-json\/wp\/v2\/posts\/2515\/revisions"}],"wp:featuredmedia":[{"embeddable":true,"href":"https:\/\/ignacioprocacitto.com.ar\/sitio\/wp-json\/wp\/v2\/media\/2517"}],"wp:attachment":[{"href":"https:\/\/ignacioprocacitto.com.ar\/sitio\/wp-json\/wp\/v2\/media?parent=2515"}],"wp:term":[{"taxonomy":"category","embeddable":true,"href":"https:\/\/ignacioprocacitto.com.ar\/sitio\/wp-json\/wp\/v2\/categories?post=2515"},{"taxonomy":"post_tag","embeddable":true,"href":"https:\/\/ignacioprocacitto.com.ar\/sitio\/wp-json\/wp\/v2\/tags?post=2515"}],"curies":[{"name":"wp","href":"https:\/\/api.w.org\/{rel}","templated":true}]}}