{"id":2573,"date":"2021-02-25T01:09:20","date_gmt":"2021-02-25T01:09:20","guid":{"rendered":"http:\/\/www.ignacioprocacitto.com.ar\/sitio\/?p=2573"},"modified":"2021-02-25T01:09:20","modified_gmt":"2021-02-25T01:09:20","slug":"equipo-listo-para-un-nuevo-ano","status":"publish","type":"post","link":"https:\/\/ignacioprocacitto.com.ar\/sitio\/2021\/02\/25\/equipo-listo-para-un-nuevo-ano\/","title":{"rendered":"Equipo listo para un nuevo a\u00f1o"},"content":{"rendered":"\n<p><strong>Ignacio Procacitto y su estructura comenzar\u00e1n el certamen de Clase 2 este fin de semana en Bah\u00eda Blanca<\/strong><\/p>\n\n\n\n<!--more-->\n\n\n\n<p>Luego de un a\u00f1o con buenos rendimientos, y con el recuerdo del primer podio en Bah\u00eda Blanca durante el 2020, Ignacio Procacitto va ilusionado al aut\u00f3dromo \u2018Ezequiel Crisol\u2019. El rosense ya tiene su Volkswagen Gol Tend presto para la batalla en un a\u00f1o que se espera tenga actividad m\u00e1s normal respecto del a\u00f1o anterior.<\/p>\n\n\n\n<p>El equipo estuvo trabajando a m\u00e1s no poder durante el receso, sabiendo que se termin\u00f3 con una base m\u00e1s que interesante y las motivaciones est\u00e1n a flor de piel en cada uno de los miembros de la estructura. La direcci\u00f3n en el chasis sigue a cargo de Gonzalo Ceballos y los motores de los hermanos Riva.<\/p>\n\n\n\n<p>\u201cEl auto luego de ser alineado se carg\u00f3 porque el viaje es largo hasta Bah\u00eda Blanca y el jueves hay pruebas. Tenemos un par de cosas de geometr\u00eda del auto para probar, y lo haremos entre jueves y viernes y veremos cu\u00e1l de los dos d\u00edas aprovecharemos mejor\u201d, explic\u00f3 \u2018Nachi\u2019 Procacitto. <\/p>\n\n\n\n<p>Y agreg\u00f3: \u201cEstoy entusiasmado con este comienzo de a\u00f1o y m\u00e1s sabiendo que Bah\u00eda Blanca fue un circuito que nos cay\u00f3 bien el a\u00f1o pasado, as\u00ed que esperamos tener un saltito m\u00e1s de calidad y que sea de la mejor manera. Sabemos que tenemos una buena base y esperamos que rinda sus frutos\u201d.<\/p>\n\n\n\n<p><strong>Cronograma Clase 2:<br><\/strong> <strong>S\u00e1bado<\/strong>: Entrenamientos (8.20 a 9.30 y 11 a 11.50) y Clasificaci\u00f3n (15 a 15.50)<br> <strong>Domingo<\/strong>: Series (9.00 y 9.35) y Final (12.15 a 20 vueltas o 35 minutos)<\/p>\n","protected":false},"excerpt":{"rendered":"<p>Ignacio Procacitto y su estructura comenzar\u00e1n el certamen de Clase 2 este fin de semana en Bah\u00eda Blanca<\/p>\n","protected":false},"author":1,"featured_media":2577,"comment_status":"closed","ping_status":"closed","sticky":false,"template":"","format":"standard","meta":{"footnotes":""},"categories":[3],"tags":[],"class_list":["post-2573","post","type-post","status-publish","format-standard","has-post-thumbnail","hentry","category-novedades"],"_links":{"self":[{"href":"https:\/\/ignacioprocacitto.com.ar\/sitio\/wp-json\/wp\/v2\/posts\/2573","targetHints":{"allow":["GET"]}}],"collection":[{"href":"https:\/\/ignacioprocacitto.com.ar\/sitio\/wp-json\/wp\/v2\/posts"}],"about":[{"href":"https:\/\/ignacioprocacitto.com.ar\/sitio\/wp-json\/wp\/v2\/types\/post"}],"author":[{"embeddable":true,"href":"https:\/\/ignacioprocacitto.com.ar\/sitio\/wp-json\/wp\/v2\/users\/1"}],"replies":[{"embeddable":true,"href":"https:\/\/ignacioprocacitto.com.ar\/sitio\/wp-json\/wp\/v2\/comments?post=2573"}],"version-history":[{"count":0,"href":"https:\/\/ignacioprocacitto.com.ar\/sitio\/wp-json\/wp\/v2\/posts\/2573\/revisions"}],"wp:featuredmedia":[{"embeddable":true,"href":"https:\/\/ignacioprocacitto.com.ar\/sitio\/wp-json\/wp\/v2\/media\/2577"}],"wp:attachment":[{"href":"https:\/\/ignacioprocacitto.com.ar\/sitio\/wp-json\/wp\/v2\/media?parent=2573"}],"wp:term":[{"taxonomy":"category","embeddable":true,"href":"https:\/\/ignacioprocacitto.com.ar\/sitio\/wp-json\/wp\/v2\/categories?post=2573"},{"taxonomy":"post_tag","embeddable":true,"href":"https:\/\/ignacioprocacitto.com.ar\/sitio\/wp-json\/wp\/v2\/tags?post=2573"}],"curies":[{"name":"wp","href":"https:\/\/api.w.org\/{rel}","templated":true}]}}