{"id":2581,"date":"2021-03-01T19:34:30","date_gmt":"2021-03-01T19:34:30","guid":{"rendered":"http:\/\/www.ignacioprocacitto.com.ar\/sitio\/?p=2581"},"modified":"2021-03-01T19:34:30","modified_gmt":"2021-03-01T19:34:30","slug":"enredado-inicio-bahiense","status":"publish","type":"post","link":"https:\/\/ignacioprocacitto.com.ar\/sitio\/2021\/03\/01\/enredado-inicio-bahiense\/","title":{"rendered":"Enredado inicio bahiense"},"content":{"rendered":"\n<p><strong>Ignacio Procacitto no lig\u00f3 en clasificaci\u00f3n y tanto serie como final fueron cuesta arriba en la apertura del TN Clase 2<\/strong><\/p>\n\n\n\n<!--more-->\n\n\n\n<p>El arranque de temporada en el Turismo Nacional Clase 2 2021 fue totalmente opuesto al de 2020 para Ignacio Procacitto, porque los recuerdos del podio del a\u00f1o anterior no pudieron revalidarse. Luego de una mala clasificaci\u00f3n, en la serie fue golpeado y en la final entre esquivar accidentes y un problema en el motor, termin\u00f3 abandonando.<\/p>\n\n\n\n<p>Luego de las pruebas comunitarias, las sensaciones eran positivas y expectantes de repetirse el s\u00e1bado. En entrenamientos supo estar entre los diez mejores, pero la clasificaci\u00f3n arruin\u00f3 todo, en parte por las condiciones de la pista que con mucha tierra generaron muchas complicaciones. <\/p>\n\n\n\n<p>De ese modo el domingo fue dif\u00edcil, pero en la serie largando muy atr\u00e1s, el piloto de Las Rosas lleg\u00f3 a estar s\u00e9ptimo pero recibi\u00f3 un golpe que lo dej\u00f3 fuera de batalla a poco del final. Desde el fondo, la final fue totalmente impredecible y peligrosa, por la tierra levantada en despistes y por los incidentes que se vieron en el pelot\u00f3n. \u2018Nachi\u2019 esquiv\u00f3 todo lo que pudo, pero tambi\u00e9n recibi\u00f3 y su Gol Trend qued\u00f3 maltrecho. Adem\u00e1s, el motor qued\u00f3 en tres cilindros y fue un abandono obligado.<\/p>\n\n\n\n<p>El rosense, tras la carrera en Bah\u00eda Blanca explic\u00f3: \u201cParcialmente est\u00e1bamos bien, en entrenamientos \u00e9ramos l\u00f3gicos y a la hora de clasificar pusimos la goma nueva y no se pudo redondear la vuelta, por la pista sucia y nuestro tiempo lo hicimos reci\u00e9n en la tercera vuelta y no fuimos r\u00e1pidos. Vamos a tener que trabajar y ver si el motor no se ven\u00eda rompiendo de antes, ya que nos quedamos en tres cilindros en la final y en la serie hab\u00edamos tenido algunas quedadas\u201d.<\/p>\n\n\n\n<p>Y a\u00f1adi\u00f3: \u201cEvaluaremos todo para reafirmarnos en San Nicol\u00e1s, buscando funcionar muy bien. Son carreras de autos y si bien ten\u00edamos intenciones de sumar fuerte han sucedido circunstancias de carrera, cosas que pasan y m\u00e1s en el Turismo Nacional. En la serie terminamos afuera por un golpe, y el TN siempre es dif\u00edcil. Esperemos revertir en San Nicol\u00e1s y empezar a sumar. Tenemos un mes para trabajar y poner todo de la mejor forma para caer bien\u201d. <\/p>\n\n\n\n<p>La pr\u00f3xima fecha ser\u00e1 el fin de semana del 4 de abril en el aut\u00f3dromo San Nicol\u00e1s Ciudad.<\/p>\n","protected":false},"excerpt":{"rendered":"<p>Ignacio Procacitto no lig\u00f3 en clasificaci\u00f3n y tanto serie como final fueron cuesta arriba en la apertura del TN Clase 2<\/p>\n","protected":false},"author":1,"featured_media":2583,"comment_status":"closed","ping_status":"closed","sticky":false,"template":"","format":"standard","meta":{"footnotes":""},"categories":[3],"tags":[],"class_list":["post-2581","post","type-post","status-publish","format-standard","has-post-thumbnail","hentry","category-novedades"],"_links":{"self":[{"href":"https:\/\/ignacioprocacitto.com.ar\/sitio\/wp-json\/wp\/v2\/posts\/2581","targetHints":{"allow":["GET"]}}],"collection":[{"href":"https:\/\/ignacioprocacitto.com.ar\/sitio\/wp-json\/wp\/v2\/posts"}],"about":[{"href":"https:\/\/ignacioprocacitto.com.ar\/sitio\/wp-json\/wp\/v2\/types\/post"}],"author":[{"embeddable":true,"href":"https:\/\/ignacioprocacitto.com.ar\/sitio\/wp-json\/wp\/v2\/users\/1"}],"replies":[{"embeddable":true,"href":"https:\/\/ignacioprocacitto.com.ar\/sitio\/wp-json\/wp\/v2\/comments?post=2581"}],"version-history":[{"count":0,"href":"https:\/\/ignacioprocacitto.com.ar\/sitio\/wp-json\/wp\/v2\/posts\/2581\/revisions"}],"wp:featuredmedia":[{"embeddable":true,"href":"https:\/\/ignacioprocacitto.com.ar\/sitio\/wp-json\/wp\/v2\/media\/2583"}],"wp:attachment":[{"href":"https:\/\/ignacioprocacitto.com.ar\/sitio\/wp-json\/wp\/v2\/media?parent=2581"}],"wp:term":[{"taxonomy":"category","embeddable":true,"href":"https:\/\/ignacioprocacitto.com.ar\/sitio\/wp-json\/wp\/v2\/categories?post=2581"},{"taxonomy":"post_tag","embeddable":true,"href":"https:\/\/ignacioprocacitto.com.ar\/sitio\/wp-json\/wp\/v2\/tags?post=2581"}],"curies":[{"name":"wp","href":"https:\/\/api.w.org\/{rel}","templated":true}]}}