{"id":2629,"date":"2021-03-30T20:33:16","date_gmt":"2021-03-30T20:33:16","guid":{"rendered":"http:\/\/www.ignacioprocacitto.com.ar\/sitio\/?p=2629"},"modified":"2021-03-30T20:33:16","modified_gmt":"2021-03-30T20:33:16","slug":"ignacio-procacitto-va-con-fe-a-san-nicolas","status":"publish","type":"post","link":"https:\/\/ignacioprocacitto.com.ar\/sitio\/2021\/03\/30\/ignacio-procacitto-va-con-fe-a-san-nicolas\/","title":{"rendered":"Ignacio Procacitto va con fe a San Nicol\u00e1s"},"content":{"rendered":"\n<p><strong>El rosense utiliza el trazado como escenario de ensayos y espera sacarle el m\u00e1ximo provecho de cara a la segunda fecha de Clase 2.<\/strong><\/p>\n\n\n\n<!--more-->\n\n\n\n<p>El Procacitto Racing se prepara de lleno para afrontar el segundo compromiso de la temporada de Turismo Nacional, y el Volkswagen Gol Trend ya est\u00e1 terminado para la actividad en pista. Ignacio Procacitto pretende ser protagonista y sabe que el potencial del auto tiene que estar.<\/p>\n\n\n\n<p>La primera fecha no se dio de la mejor manera, con muchas situaciones de carrera que jugaron en contra, y ahora llega la chance de redimirse. Se trabaj\u00f3 intensamente en el taller ubicado en Las Rosas, bajo la asistencia t\u00e9cnica de Gonzalo Ceballos en el chasis. Luego se coloc\u00f3 el motor provisto por los hermanos Riva, previo a cargar la unidad.<\/p>\n\n\n\n<p>\u201cVenimos bien con las labores en el auto, y una vez que est\u00e9 listo lo llevaremos a Bigand para que Gonzalo Ceballos haga la alineaci\u00f3n, antes de llegar a San Nicol\u00e1s para instalarnos. Nosotros llegaremos el jueves, pero entraremos directamente a pista el viernes cuando arranque la actividad oficial. Creemos que no es necesario probar el jueves previo\u201d, manifest\u00f3 \u2018Nachi\u2019 Procacitto, con fe en que el potencial tiene que ser suficiente para dar batalla.<\/p>\n\n\n\n<figure class=\"wp-block-image\"><img decoding=\"async\" src=\"https:\/\/www.ignacioprocacitto.com.ar\/sitio\/wp-content\/uploads\/2021\/03\/WhatsApp-Image-2021-03-31-at-14.48.38-1024x1024.jpeg\" alt=\"\" class=\"wp-image-2633\"\/><\/figure>\n\n\n\n<p><em>Mauro Calandria &#8211; Prensa Procacitto Racing \/ Fotograf\u00eda: Marcelo Ranea<\/em><\/p>\n","protected":false},"excerpt":{"rendered":"<p>El rosense utiliza el trazado como escenario de ensayos y espera sacarle el m\u00e1ximo provecho de cara a la segunda fecha de Clase 2.<\/p>\n","protected":false},"author":1,"featured_media":2631,"comment_status":"closed","ping_status":"closed","sticky":false,"template":"","format":"standard","meta":{"footnotes":""},"categories":[3],"tags":[],"class_list":["post-2629","post","type-post","status-publish","format-standard","has-post-thumbnail","hentry","category-novedades"],"_links":{"self":[{"href":"https:\/\/ignacioprocacitto.com.ar\/sitio\/wp-json\/wp\/v2\/posts\/2629","targetHints":{"allow":["GET"]}}],"collection":[{"href":"https:\/\/ignacioprocacitto.com.ar\/sitio\/wp-json\/wp\/v2\/posts"}],"about":[{"href":"https:\/\/ignacioprocacitto.com.ar\/sitio\/wp-json\/wp\/v2\/types\/post"}],"author":[{"embeddable":true,"href":"https:\/\/ignacioprocacitto.com.ar\/sitio\/wp-json\/wp\/v2\/users\/1"}],"replies":[{"embeddable":true,"href":"https:\/\/ignacioprocacitto.com.ar\/sitio\/wp-json\/wp\/v2\/comments?post=2629"}],"version-history":[{"count":0,"href":"https:\/\/ignacioprocacitto.com.ar\/sitio\/wp-json\/wp\/v2\/posts\/2629\/revisions"}],"wp:featuredmedia":[{"embeddable":true,"href":"https:\/\/ignacioprocacitto.com.ar\/sitio\/wp-json\/wp\/v2\/media\/2631"}],"wp:attachment":[{"href":"https:\/\/ignacioprocacitto.com.ar\/sitio\/wp-json\/wp\/v2\/media?parent=2629"}],"wp:term":[{"taxonomy":"category","embeddable":true,"href":"https:\/\/ignacioprocacitto.com.ar\/sitio\/wp-json\/wp\/v2\/categories?post=2629"},{"taxonomy":"post_tag","embeddable":true,"href":"https:\/\/ignacioprocacitto.com.ar\/sitio\/wp-json\/wp\/v2\/tags?post=2629"}],"curies":[{"name":"wp","href":"https:\/\/api.w.org\/{rel}","templated":true}]}}