{"id":2639,"date":"2021-04-05T16:59:50","date_gmt":"2021-04-05T16:59:50","guid":{"rendered":"http:\/\/www.ignacioprocacitto.com.ar\/sitio\/?p=2639"},"modified":"2021-04-05T16:59:50","modified_gmt":"2021-04-05T16:59:50","slug":"tuvo-el-nivel-ganador","status":"publish","type":"post","link":"https:\/\/ignacioprocacitto.com.ar\/sitio\/2021\/04\/05\/tuvo-el-nivel-ganador\/","title":{"rendered":"Tuvo el nivel ganador"},"content":{"rendered":"\n<p><strong>En San Nicol\u00e1s, Ignacio Procacitto se adjudic\u00f3 su primera serie en la Clase 2, y en la final un toque no le permiti\u00f3 pelear la final<\/strong><\/p>\n\n\n\n<!--more-->\n\n\n\n<p>Ignacio Procacitto volvi\u00f3 a ser\ncompetitivo con su Volkswagen Gol Trend, al punto de que gan\u00f3 su serie por la\nsegunda fecha del Turismo Nacional Clase 2, y si bien era candidato a ganar la\nfinal, un toque inicial lo hizo parar en boxes y quedaron las ganas de tener\nrevancha.<\/p>\n\n\n\n<p>Pr\u00e1cticamente sin poder entrenar,\nprimero por un problema en una conexi\u00f3n de combustible y despu\u00e9s por muchas\nbanderas rojas, sali\u00f3 crudo a clasificar, pero el trabajo del taller fue\nimpecable desde la puesta a punto con Gonzalo Ceballos en la direcci\u00f3n t\u00e9cnica,\ny con un potente impulsor de los hermanos Riva, se logr\u00f3 el 3\u00ba puesto en la clasificaci\u00f3n,\ncon el tiempo del viernes, en su primera salida a pista del fin de semana.<\/p>\n\n\n\n<p>En la serie, la segunda, larg\u00f3\ndetr\u00e1s de Facundo Bustos y lo presion\u00f3 hasta que su rival cometi\u00f3 un despiste,\ny as\u00ed \u2018Nachi\u2019 accedi\u00f3 a la vanguardia. Una goma trasera sufri\u00f3 un desgaste\nexcesivo, lo cual provocaba un andar inestable en el Gol Trend n\u00famero 14, y\nEmanuel Abdala lo atac\u00f3 en las \u00faltimas dos vueltas, haciendo que Procacitto\nsalga a relucir sus cualidades defensivas y de ese modo evit\u00f3 que se le escape\nun triunfo inolvidable, su primero en el TN.<\/p>\n\n\n\n<p>Para el domingo en la final, se\ntrabaj\u00f3 controlando todo para que el auto tenga el nivel como para vencer, y se\nlogr\u00f3. Lamentablemente, en la primera vuelta el rosense recibi\u00f3 un toque que le\nhundi\u00f3 el paragolpes trasero y haciendo contacto con la rueda trasera\nizquierda, se termin\u00f3 rompiendo el caucho y pocas vueltas fueron las que pudo\npelear en zona de podio. Tras parar en boxes para cambiar de neum\u00e1tico, sali\u00f3\njusto delante del puntero y giraba m\u00e1s r\u00e1pido, sin perder la vuelta y\ndemostrando que el auto estaba en ritmo para ganar. <\/p>\n\n\n\n<p>De ese modo, cuando alcanz\u00f3 al\npelot\u00f3n pudo ganar ubicaciones y llegar 19\u00ba, un puesto lejano al merecido, pero\ndejando la tranquilidad de que todo lo que se pudo hacer, se hizo bien,\nincluyendo la r\u00e1pida atenci\u00f3n de los mec\u00e1nicos al cambiar la rueda para no\nperder el giro.<\/p>\n\n\n\n<p>Tras la final, Procacitto\nmanifest\u00f3: \u201cFue un fin de semana bueno en l\u00edneas generales porque ganamos\nnuestra primera serie en la Clase 2 y despu\u00e9s ten\u00edamos muy buen ritmo en la\nfinal, ya que luego de cambiar la goma est\u00e1bamos con los punteros, adelante y\nyendo m\u00e1s r\u00e1pidos. Pero son carreras y tuvimos que cambiar una goma por lo que\npas\u00f3 con el paragolpes, y son cosas que pasan\u201d.<\/p>\n\n\n\n<p>Y agreg\u00f3: \u201cEl auto vino con una\npuesta punto buena, con par\u00e1metros de una prueba que hicimos el a\u00f1o pasado. Por\neso no probamos el jueves y si bien no entrenamos, salimos a clasificar y el\nauto apareci\u00f3. Eso nos deja contentos y ahora viene Paran\u00e1, donde probamos y\ntambi\u00e9n nos fue bien a principios del 2020. Vamos a seguir con esos valores y\nesperemos tener la final que no se nos dio ahora en San Nicol\u00e1s\u201d.<\/p>\n\n\n\n<p>Sobre los sentimientos de ganar\nla serie, Ignacio explic\u00f3: \u201cLa verdad es que cuando gan\u00e9 no reaccion\u00e9 y no me\ndi cuenta, ya que estaba preocupado por la tendencia de cola que ten\u00eda. Ni\nse\u00f1as hice, solamente pensaba en que iba a tener la final con 18 vueltas y que\nen ese estado no pod\u00eda terminarla. Estuve tranquilo pensando en el domingo,\npero se sinti\u00f3 mucho cuando agarr\u00e9 el tel\u00e9fono y ver millones de mensajes, y el\napoyo que recibo de mi familia, de mis amigos de la facultad y mis amigos de\nsiempre\u201d.<\/p>\n\n\n\n<p>Y finaliz\u00f3: \u201cOjal\u00e1 caigamos as\u00ed\nde bien en Paran\u00e1 y tener un buen viernes, para ya pensar en el s\u00e1bado m\u00e1s\ntranquilos como pas\u00f3 ac\u00e1. Agradezco a toda mi familia y el equipo por este\nrendimiento, a los hermanos Riva por los motores y Gonzalo Ceballos por la\natenci\u00f3n del auto. Tenemos un buen conjunto y esperamos aprovecharlo la\npr\u00f3xima\u201d.<\/p>\n\n\n\n<p>La fecha venidera ser\u00e1 el fin de\nsemana del 23 de abril en Paran\u00e1.<\/p>\n","protected":false},"excerpt":{"rendered":"<p>En San Nicol\u00e1s, Ignacio Procacitto se adjudic\u00f3 su primera serie en la Clase 2, y en la final un toque no le permiti\u00f3 pelear la final<\/p>\n","protected":false},"author":1,"featured_media":2641,"comment_status":"closed","ping_status":"closed","sticky":false,"template":"","format":"standard","meta":{"footnotes":""},"categories":[3],"tags":[],"class_list":["post-2639","post","type-post","status-publish","format-standard","has-post-thumbnail","hentry","category-novedades"],"_links":{"self":[{"href":"https:\/\/ignacioprocacitto.com.ar\/sitio\/wp-json\/wp\/v2\/posts\/2639","targetHints":{"allow":["GET"]}}],"collection":[{"href":"https:\/\/ignacioprocacitto.com.ar\/sitio\/wp-json\/wp\/v2\/posts"}],"about":[{"href":"https:\/\/ignacioprocacitto.com.ar\/sitio\/wp-json\/wp\/v2\/types\/post"}],"author":[{"embeddable":true,"href":"https:\/\/ignacioprocacitto.com.ar\/sitio\/wp-json\/wp\/v2\/users\/1"}],"replies":[{"embeddable":true,"href":"https:\/\/ignacioprocacitto.com.ar\/sitio\/wp-json\/wp\/v2\/comments?post=2639"}],"version-history":[{"count":0,"href":"https:\/\/ignacioprocacitto.com.ar\/sitio\/wp-json\/wp\/v2\/posts\/2639\/revisions"}],"wp:featuredmedia":[{"embeddable":true,"href":"https:\/\/ignacioprocacitto.com.ar\/sitio\/wp-json\/wp\/v2\/media\/2641"}],"wp:attachment":[{"href":"https:\/\/ignacioprocacitto.com.ar\/sitio\/wp-json\/wp\/v2\/media?parent=2639"}],"wp:term":[{"taxonomy":"category","embeddable":true,"href":"https:\/\/ignacioprocacitto.com.ar\/sitio\/wp-json\/wp\/v2\/categories?post=2639"},{"taxonomy":"post_tag","embeddable":true,"href":"https:\/\/ignacioprocacitto.com.ar\/sitio\/wp-json\/wp\/v2\/tags?post=2639"}],"curies":[{"name":"wp","href":"https:\/\/api.w.org\/{rel}","templated":true}]}}