{"id":2677,"date":"2021-04-20T19:49:18","date_gmt":"2021-04-20T19:49:18","guid":{"rendered":"http:\/\/www.ignacioprocacitto.com.ar\/sitio\/?p=2677"},"modified":"2021-04-20T19:49:18","modified_gmt":"2021-04-20T19:49:18","slug":"nueva-oportunidad-de-ser-protagonista","status":"publish","type":"post","link":"https:\/\/ignacioprocacitto.com.ar\/sitio\/2021\/04\/20\/nueva-oportunidad-de-ser-protagonista\/","title":{"rendered":"Nueva oportunidad de ser protagonista"},"content":{"rendered":"\n<h2 class=\"wp-block-heading\"><strong>Ignacio Procacitto afrontar\u00e1 la tercera fecha de la temporada de TN Clase 2 con su veloz Volkswagen Gol Trend<\/strong><\/h2>\n\n\n\n<!--more-->\n\n\n\n<p>Luego de pelear por la punta en San Nicol\u00e1s, Ignacio Procacitto querr\u00e1 redondearlo con un gran resultado este fin de semana en Paran\u00e1, cuando el Turismo Nacional lleve a cabo su tercera cita del 2021. El volante de Las Rosas espera ser igual de competitivo, y tener la suerte que falt\u00f3 la competencia pasada.<\/p>\n\n\n\n<p>Tras ganar su primera serie en la Clase 2 de TN, \u2018Nachi\u2019 Procacitto ahora va a medirse a Paran\u00e1, circuito donde su Volkswagen Gol Trend tuvo una buena prueba en el pasado cercano, y genera expectativas positivas. Intensas labores en el motor y en los palieres se esperan para terminar de armar el auto y poder viajar a la capital entrerriana, circuito que el TN hace muchos a\u00f1os no utiliza.<\/p>\n\n\n\n<p>\u201cEn el auto no hubo grandes cambios, y vamos con la misma base de San Nicol\u00e1s, con una puesta a punto usada a principios de 2020 en una prueba en Paran\u00e1. Vamos con expectativas de revertir lo de la final en San Nicol\u00e1s porque ven\u00eda siendo muy bueno, y esperemos coronarlo en la final\u201d, asegur\u00f3 Procacitto sobre la puesta a punto del chasis que atiende su gente en Las Rosas con asesoramiento de Gonzalo Ceballos.<\/p>\n\n\n\n<p>Por otro lado, ser\u00e1 importante mirar al cielo porque se pronostican lluvias, fundamentalmente el viernes y algo tambi\u00e9n para el s\u00e1bado. Sobre eso afirm\u00f3: \u201cVeremos c\u00f3mo se plantea el fin de semana y c\u00f3mo se presenta Paran\u00e1, porque hay pron\u00f3stico de lluvia y ah\u00ed en el momento sabremos en d\u00f3nde estamos\u201d.<\/p>\n\n\n\n<p>Mauro Calandria &#8211; Prensa Procacitto Racing<\/p>\n","protected":false},"excerpt":{"rendered":"<p>Ignacio Procacitto afrontar\u00e1 la tercera fecha de la temporada de TN Clase 2 con su veloz Volkswagen Gol Trend<\/p>\n","protected":false},"author":1,"featured_media":2648,"comment_status":"closed","ping_status":"closed","sticky":false,"template":"","format":"standard","meta":{"footnotes":""},"categories":[3],"tags":[],"class_list":["post-2677","post","type-post","status-publish","format-standard","has-post-thumbnail","hentry","category-novedades"],"_links":{"self":[{"href":"https:\/\/ignacioprocacitto.com.ar\/sitio\/wp-json\/wp\/v2\/posts\/2677","targetHints":{"allow":["GET"]}}],"collection":[{"href":"https:\/\/ignacioprocacitto.com.ar\/sitio\/wp-json\/wp\/v2\/posts"}],"about":[{"href":"https:\/\/ignacioprocacitto.com.ar\/sitio\/wp-json\/wp\/v2\/types\/post"}],"author":[{"embeddable":true,"href":"https:\/\/ignacioprocacitto.com.ar\/sitio\/wp-json\/wp\/v2\/users\/1"}],"replies":[{"embeddable":true,"href":"https:\/\/ignacioprocacitto.com.ar\/sitio\/wp-json\/wp\/v2\/comments?post=2677"}],"version-history":[{"count":0,"href":"https:\/\/ignacioprocacitto.com.ar\/sitio\/wp-json\/wp\/v2\/posts\/2677\/revisions"}],"wp:featuredmedia":[{"embeddable":true,"href":"https:\/\/ignacioprocacitto.com.ar\/sitio\/wp-json\/wp\/v2\/media\/2648"}],"wp:attachment":[{"href":"https:\/\/ignacioprocacitto.com.ar\/sitio\/wp-json\/wp\/v2\/media?parent=2677"}],"wp:term":[{"taxonomy":"category","embeddable":true,"href":"https:\/\/ignacioprocacitto.com.ar\/sitio\/wp-json\/wp\/v2\/categories?post=2677"},{"taxonomy":"post_tag","embeddable":true,"href":"https:\/\/ignacioprocacitto.com.ar\/sitio\/wp-json\/wp\/v2\/tags?post=2677"}],"curies":[{"name":"wp","href":"https:\/\/api.w.org\/{rel}","templated":true}]}}