{"id":2680,"date":"2021-04-25T20:57:39","date_gmt":"2021-04-25T20:57:39","guid":{"rendered":"http:\/\/www.ignacioprocacitto.com.ar\/sitio\/?p=2680"},"modified":"2021-04-25T20:57:39","modified_gmt":"2021-04-25T20:57:39","slug":"excelente-5o-puesto-en-parana","status":"publish","type":"post","link":"https:\/\/ignacioprocacitto.com.ar\/sitio\/2021\/04\/25\/excelente-5o-puesto-en-parana\/","title":{"rendered":"Excelente 5\u00ba puesto en Paran\u00e1"},"content":{"rendered":"\n<h2 class=\"wp-block-heading\"><strong>Ignacio Procacitto supo pelear bien adelante en la 3\u00aa fecha del Turismo Nacional Clase 2, y tuvo su premio<\/strong><\/h2>\n\n\n\n<!--more-->\n\n\n\n<p>Tras el espectacular rendimiento en San Nicol\u00e1s, Ignacio Procacitto fue protagonista una vez m\u00e1s en el Turismo Nacional Clase 2. Con su equipo propio de Las Rosas, fue 5\u00ba en una final apasionante, que no dio respiro del comienzo hasta el cierre.<\/p>\n\n\n\n<p>Los entrenamientos no dijeron mucho porque \u2018Nachi\u2019 Procacitto no pudo cerrar una vuelta ideal, y luego en la 1\u00aa clasificaci\u00f3n fue 4\u00ba pero con lluvia, y el s\u00e1bado la pista ya estaba seca y todo cambi\u00f3. El rendimiento del Gol Trend fue muy bueno de todas formas, clasificando 8\u00ba entre 38 anotados. <\/p>\n\n\n\n<p>Para la serie, en la tarde sabatina, se esperaba poder ir hacia adelante largando 3\u00ba, y en el comienzo lleg\u00f3 a pelear la punta pero no se logr\u00f3 llegar a obtenerla. Para peor, recibi\u00f3 un fuerte golpe de atr\u00e1s vueltas m\u00e1s tarde que lo releg\u00f3 al sexto lugar en pista, posteriormente cuarto por recargos a los infractores.<\/p>\n\n\n\n<p>Largando 12\u00ba, en la final Procacitto sab\u00eda que ten\u00eda que esperar y apostar a ganar terreno siempre que se pudiera. Y as\u00ed fue, r\u00e1pidamente se puso d\u00e9cimo, luego octavo y con el correr de los giros pudo ejecutar algunas superaciones m\u00e1s para finalizar quinto, muy cerca del podio. Estos resultados ya meten a Ignacio dentro de los 15 mejores, y de continuar en este nivel va a poder ingresar entre los diez.<\/p>\n\n\n\n<p>\u201cNuestro objetivo era venir a sumar y estando escasos de puntos, aprovechamos esta oportunidad quedando cerca del podio. Estoy contento por el resultado. Creo que fue un pelot\u00f3n donde nos respetamos, sin maniobras excesivas, y est\u00e1bamos mal acostumbrados de otras carreras donde hubo toques de m\u00e1s. Ac\u00e1 se dio todo l\u00edcitamente y los autos van al l\u00edmite, entonces tocarse de costado es algo que pasa. Nosotros quer\u00edamos sumar y esperamos errores del resto para avanzar\u201d, coment\u00f3 Procacitto tras la final.<\/p>\n\n\n\n<p>Y agreg\u00f3: \u201cEn los entrenamientos no est\u00e1bamos mal pero no redondeamos y entonces sab\u00edamos del buen potencial. Abdala nos hizo buena diferencia en clasificaci\u00f3n y luego gan\u00f3 la carrera, pero nosotros somos protagonistas y tenemos un buen auto. Trabajaremos para la pr\u00f3xima carrera que es a 21 d\u00edas nada m\u00e1s, y eso no nos juega a favor, porque venimos de otra anterior hace 21 d\u00edas. Se nos hace cuesta arriba y no vamos a bajar los brazos para estar presentes en Buenos Aires\u201d.<\/p>\n\n\n\n<p>Finalmente, remarc\u00f3: \u201cNos falt\u00f3 coronarlo con un poquito m\u00e1s pero el objetivo de sumar lo cumplimos y nos vamos felices de Paran\u00e1 porque sabemos que tenemos un auto que tiene potencial para pelear adelante. Agradezco a todo mi equipo, a mi familia, a mis sponsors, y esperemos que se sumen patrocinantes a este proyecto. Gracias a los hermanos Riva por el motor, a Gonzalo Ceballos por el chasis, y a todos los que apoyan desde Las Rosas\u201d.<\/p>\n\n\n\n<p>La pr\u00f3xima fecha ser\u00e1 el fin de semana del 16 de mayo en Buenos Aires.<\/p>\n\n\n\n<p>Mauro Calandria &#8211; Prensa Procacitto Racing<\/p>\n","protected":false},"excerpt":{"rendered":"<p>Ignacio Procacitto supo pelear bien adelante en la 3\u00aa fecha del Turismo Nacional Clase 2, y tuvo su premio<\/p>\n","protected":false},"author":1,"featured_media":2682,"comment_status":"closed","ping_status":"closed","sticky":false,"template":"","format":"standard","meta":{"footnotes":""},"categories":[3],"tags":[],"class_list":["post-2680","post","type-post","status-publish","format-standard","has-post-thumbnail","hentry","category-novedades"],"_links":{"self":[{"href":"https:\/\/ignacioprocacitto.com.ar\/sitio\/wp-json\/wp\/v2\/posts\/2680","targetHints":{"allow":["GET"]}}],"collection":[{"href":"https:\/\/ignacioprocacitto.com.ar\/sitio\/wp-json\/wp\/v2\/posts"}],"about":[{"href":"https:\/\/ignacioprocacitto.com.ar\/sitio\/wp-json\/wp\/v2\/types\/post"}],"author":[{"embeddable":true,"href":"https:\/\/ignacioprocacitto.com.ar\/sitio\/wp-json\/wp\/v2\/users\/1"}],"replies":[{"embeddable":true,"href":"https:\/\/ignacioprocacitto.com.ar\/sitio\/wp-json\/wp\/v2\/comments?post=2680"}],"version-history":[{"count":0,"href":"https:\/\/ignacioprocacitto.com.ar\/sitio\/wp-json\/wp\/v2\/posts\/2680\/revisions"}],"wp:featuredmedia":[{"embeddable":true,"href":"https:\/\/ignacioprocacitto.com.ar\/sitio\/wp-json\/wp\/v2\/media\/2682"}],"wp:attachment":[{"href":"https:\/\/ignacioprocacitto.com.ar\/sitio\/wp-json\/wp\/v2\/media?parent=2680"}],"wp:term":[{"taxonomy":"category","embeddable":true,"href":"https:\/\/ignacioprocacitto.com.ar\/sitio\/wp-json\/wp\/v2\/categories?post=2680"},{"taxonomy":"post_tag","embeddable":true,"href":"https:\/\/ignacioprocacitto.com.ar\/sitio\/wp-json\/wp\/v2\/tags?post=2680"}],"curies":[{"name":"wp","href":"https:\/\/api.w.org\/{rel}","templated":true}]}}