{"id":2721,"date":"2021-05-16T21:35:50","date_gmt":"2021-05-16T21:35:50","guid":{"rendered":"http:\/\/www.ignacioprocacitto.com.ar\/sitio\/?p=2721"},"modified":"2021-05-16T21:35:50","modified_gmt":"2021-05-16T21:35:50","slug":"enredado-se-recompuso-y-sumo","status":"publish","type":"post","link":"https:\/\/ignacioprocacitto.com.ar\/sitio\/2021\/05\/16\/enredado-se-recompuso-y-sumo\/","title":{"rendered":"Enredado, se recompuso y sum\u00f3"},"content":{"rendered":"\n<h2 class=\"wp-block-heading\">Ignacio Procacitto tuvo un fin de semana m\u00e1s peleando entre los de adelante, aunque sin sumar como hubiese querido en Buenos Aires<\/h2>\n\n\n\n<!--more-->\n\n\n\n<p>Ignacio Procacitto no pudo lucirse en Buenos Aires, pero sac\u00f3 buenos puntos para mantenerse entre los mejores del campeonato de Turismo Nacional Clase 2. El volante de Las Rosas lleg\u00f3 12\u00ba, superando un toque que lo dej\u00f3 fuera de pista en las primeras vueltas.<\/p>\n\n\n\n<p>La cuarta fecha de la temporada se inici\u00f3 de gran forma, meti\u00e9ndose 2\u00ba en la primera clasificaci\u00f3n con el Gol Trend de estructura propia, atenci\u00f3n de Gonzalo Ceballos en el chasis y motores de los hermanos Riva. El s\u00e1bado no se pudo mejorar el tiempo pero alcanz\u00f3 para ser 6\u00ba en la general. Despu\u00e9s, en la tarde larg\u00f3 segundo la serie pero no sali\u00f3 bien, porque cay\u00f3 al quinto lugar. Pudo recuperar terreno, con buenas maniobras y finaliz\u00f3 3\u00ba.<\/p>\n\n\n\n<p>El domingo al mediod\u00eda se llev\u00f3 a cabo la final, desde el octavo puesto. Si bien comenz\u00f3 bien, estable y esperando para poder ganar posiciones, recibi\u00f3 un toque que lo dej\u00f3 bastante relegado y entonces perdi\u00f3 contacto con los de adelante. De ese modo, gan\u00f3 posiciones mientras pudo, pero sin un gran ritmo no pudo mejorar del lugar 12.<\/p>\n\n\n\n<p>\u201cEl fin de semana deja un saldo positivo porque si bien tenemos cosas por mejorar, lo bueno es que somos protagonistas a la hora de clasificar, estamos cerca y podemos estar siempre dentro de los diez. En la final nos ca\u00edmos mucho en el ritmo y creemos saber por qu\u00e9, pero es algo a evaluar\u201d, afirm\u00f3 \u2018Nachi\u2019 Procacitto, quien mejor\u00f3 en las posiciones del campeonato al puesto 11. <\/p>\n\n\n\n<p>Y complet\u00f3: \u201cEn reglas generales tuvimos un buen fin de semana, sin acortar mucho a la punta pero cuando no se puede, es importante llegar a la bandera a cuadros. Ahora trabajaremos para tener un buen fin de semana en Alta Gracia\u201d.<\/p>\n\n\n\n<p>La pr\u00f3xima fecha ser\u00e1 el fin de semana del 13 de junio en Alta Gracia, C\u00f3rdoba.<\/p>\n","protected":false},"excerpt":{"rendered":"<p>Ignacio Procacitto tuvo un fin de semana m\u00e1s peleando entre los de adelante, aunque sin sumar como hubiese querido en Buenos Aires<\/p>\n","protected":false},"author":1,"featured_media":2723,"comment_status":"closed","ping_status":"closed","sticky":false,"template":"","format":"standard","meta":{"footnotes":""},"categories":[3],"tags":[],"class_list":["post-2721","post","type-post","status-publish","format-standard","has-post-thumbnail","hentry","category-novedades"],"_links":{"self":[{"href":"https:\/\/ignacioprocacitto.com.ar\/sitio\/wp-json\/wp\/v2\/posts\/2721","targetHints":{"allow":["GET"]}}],"collection":[{"href":"https:\/\/ignacioprocacitto.com.ar\/sitio\/wp-json\/wp\/v2\/posts"}],"about":[{"href":"https:\/\/ignacioprocacitto.com.ar\/sitio\/wp-json\/wp\/v2\/types\/post"}],"author":[{"embeddable":true,"href":"https:\/\/ignacioprocacitto.com.ar\/sitio\/wp-json\/wp\/v2\/users\/1"}],"replies":[{"embeddable":true,"href":"https:\/\/ignacioprocacitto.com.ar\/sitio\/wp-json\/wp\/v2\/comments?post=2721"}],"version-history":[{"count":0,"href":"https:\/\/ignacioprocacitto.com.ar\/sitio\/wp-json\/wp\/v2\/posts\/2721\/revisions"}],"wp:featuredmedia":[{"embeddable":true,"href":"https:\/\/ignacioprocacitto.com.ar\/sitio\/wp-json\/wp\/v2\/media\/2723"}],"wp:attachment":[{"href":"https:\/\/ignacioprocacitto.com.ar\/sitio\/wp-json\/wp\/v2\/media?parent=2721"}],"wp:term":[{"taxonomy":"category","embeddable":true,"href":"https:\/\/ignacioprocacitto.com.ar\/sitio\/wp-json\/wp\/v2\/categories?post=2721"},{"taxonomy":"post_tag","embeddable":true,"href":"https:\/\/ignacioprocacitto.com.ar\/sitio\/wp-json\/wp\/v2\/tags?post=2721"}],"curies":[{"name":"wp","href":"https:\/\/api.w.org\/{rel}","templated":true}]}}