{"id":2754,"date":"2021-06-08T19:11:18","date_gmt":"2021-06-08T19:11:18","guid":{"rendered":"http:\/\/www.ignacioprocacitto.com.ar\/sitio\/?p=2754"},"modified":"2021-06-08T19:11:18","modified_gmt":"2021-06-08T19:11:18","slug":"preparado-para-correr-en-dia-inusual","status":"publish","type":"post","link":"https:\/\/ignacioprocacitto.com.ar\/sitio\/2021\/06\/08\/preparado-para-correr-en-dia-inusual\/","title":{"rendered":"Preparado para correr en d\u00eda inusual"},"content":{"rendered":"\n<h2 class=\"wp-block-heading\">Ignacio Procacitto estar\u00e1 disputando la quinta fecha de la temporada este jueves y viernes en La Plata<\/h2>\n\n\n\n<!--more-->\n\n\n\n<p>Turismo Nacional sac\u00f3 adelante la quinta fecha del campeonato 2021, pero solamente se podr\u00e1 realizar entresemana, y por ello Ignacio Procacitto ir\u00e1 con su Volkswagen Gol Trend de Clase 2 a buscar un gran resultado este viernes, d\u00eda en que ser\u00e1 la final.<\/p>\n\n\n\n<p>Luego de haberse suspendido la fecha en Alta Gracia, la alternativa surgi\u00f3 desde el aut\u00f3dromo \u2018Roberto Mouras\u2019 de La Plata, escenario que el TN conoce muy bien y donde \u2018Nachi\u2019 Procacitto querr\u00e1 revertir la \u00faltima imagen all\u00ed. En todo tipo de circuito hasta el momento, el equipo rosense fue protagonista y se espera que no sea la excepci\u00f3n porque se seguir\u00e1 con esa configuraci\u00f3n de base que tanto rendimiento ha dado.<\/p>\n\n\n\n<p>\u201cEstamos terminando el auto, con los \u00faltimos retoques est\u00e9ticos y de ploteo. Vamos esperanzados a La Plata de que podemos funcionar bien, y consideramos que es un asfalto de bastantes a\u00f1os y parecido al de Buenos Aires. La \u00faltima vez en La Plata no anduvimos bien por falta de grip pero ahora creemos que vamos a poder ser protagonistas, porque el auto ha funcionado bien en distintos circuitos\u201d, asegur\u00f3 Procacitto.<\/p>\n\n\n\n<p>La actividad se iniciar\u00e1 este jueves con los dos entrenamientos (10 a 11.10 y 12 a 13.05), para luego tener la clasificaci\u00f3n (15 a 15.40). El viernes ser\u00e1n las series (10, 10.25 y 10.50 a 6 vueltas) y la final a las 15, con 16 vueltas o 35 minutos de duraci\u00f3n m\u00e1xima.<\/p>\n","protected":false},"excerpt":{"rendered":"<p>Ignacio Procacitto estar\u00e1 disputando la quinta fecha de la temporada este jueves y viernes en La Plata<\/p>\n","protected":false},"author":1,"featured_media":2723,"comment_status":"closed","ping_status":"closed","sticky":false,"template":"","format":"standard","meta":{"footnotes":""},"categories":[3],"tags":[],"class_list":["post-2754","post","type-post","status-publish","format-standard","has-post-thumbnail","hentry","category-novedades"],"_links":{"self":[{"href":"https:\/\/ignacioprocacitto.com.ar\/sitio\/wp-json\/wp\/v2\/posts\/2754","targetHints":{"allow":["GET"]}}],"collection":[{"href":"https:\/\/ignacioprocacitto.com.ar\/sitio\/wp-json\/wp\/v2\/posts"}],"about":[{"href":"https:\/\/ignacioprocacitto.com.ar\/sitio\/wp-json\/wp\/v2\/types\/post"}],"author":[{"embeddable":true,"href":"https:\/\/ignacioprocacitto.com.ar\/sitio\/wp-json\/wp\/v2\/users\/1"}],"replies":[{"embeddable":true,"href":"https:\/\/ignacioprocacitto.com.ar\/sitio\/wp-json\/wp\/v2\/comments?post=2754"}],"version-history":[{"count":0,"href":"https:\/\/ignacioprocacitto.com.ar\/sitio\/wp-json\/wp\/v2\/posts\/2754\/revisions"}],"wp:featuredmedia":[{"embeddable":true,"href":"https:\/\/ignacioprocacitto.com.ar\/sitio\/wp-json\/wp\/v2\/media\/2723"}],"wp:attachment":[{"href":"https:\/\/ignacioprocacitto.com.ar\/sitio\/wp-json\/wp\/v2\/media?parent=2754"}],"wp:term":[{"taxonomy":"category","embeddable":true,"href":"https:\/\/ignacioprocacitto.com.ar\/sitio\/wp-json\/wp\/v2\/categories?post=2754"},{"taxonomy":"post_tag","embeddable":true,"href":"https:\/\/ignacioprocacitto.com.ar\/sitio\/wp-json\/wp\/v2\/tags?post=2754"}],"curies":[{"name":"wp","href":"https:\/\/api.w.org\/{rel}","templated":true}]}}