{"id":2757,"date":"2021-06-12T03:14:42","date_gmt":"2021-06-12T03:14:42","guid":{"rendered":"http:\/\/www.ignacioprocacitto.com.ar\/sitio\/?p=2757"},"modified":"2021-06-12T03:14:42","modified_gmt":"2021-06-12T03:14:42","slug":"empezo-bien-no-pudo-terminar","status":"publish","type":"post","link":"https:\/\/ignacioprocacitto.com.ar\/sitio\/2021\/06\/12\/empezo-bien-no-pudo-terminar\/","title":{"rendered":"Empez\u00f3 bien, no pudo terminar"},"content":{"rendered":"\n<h2 class=\"wp-block-heading\">Ignacio Procacitto tuvo un\nauto veloz pero se complic\u00f3 el panorama y no pudo sumar en La Plata, por la\nquinta fecha<\/h2>\n\n\n\n<!--more-->\n\n\n\n<p>El Procacitto Racing tuvo un paso\namargo por La Plata, ya que los resultados no acompa\u00f1aron en absoluto al buen\nandar que Ignacio Procacitto ha impuesto a lo largo de las \u00faltimas carreras en\nel Turismo Nacional Clase 2. En la final termin\u00f3 siendo abandono por problemas\nde embrague.<\/p>\n\n\n\n<p>En los entrenamientos lleg\u00f3 a\nestar cuarto, y las chances de pelear por un muy buen puesto de partida en las\nseries era m\u00e1s que posible. Pero a la hora de clasificar no se pudo tener una\nvuelta ideal, qued\u00f3 15\u00ba y a partir de ah\u00ed no se tuvo ni una pizca de suerte.<\/p>\n\n\n\n<p>Tras largar la serie, una serie\nde toques complic\u00f3 al representante de Las Rosas y qued\u00f3 muy relegado en el\nclasificador, llegando und\u00e9cimo. Largando en la segunda parte del pelot\u00f3n, \u2018Nachi\u2019\nProcacitto quiso remontar en la final pero el embrague tuvo inconvenientes que\nno permit\u00edan funcionar de forma \u00f3ptima al Volkswagen Gol Trend n\u00famero 14, y promediando\nla competencia, debi\u00f3 ingresar a boxes y abandonar.<\/p>\n\n\n\n<p>\u201cEn la final lamentablemente se\nrompi\u00f3 el embrague y tuvimos que parar en boxes. El auto estuvo competitivo y\nse demostr\u00f3 en los entrenamientos pero no pudimos hacer una buena clasificaci\u00f3n\ny nos condicion\u00f3. En la serie despu\u00e9s tuvimos un toque y en la final tuvimos\nproblemas desde la largada con el embrague. Lamentablemente se complic\u00f3 a la\nhora de poner las cartas sobre la mesa, y debemos seguir trabajando\u201d, asegur\u00f3\nProcacitto.<\/p>\n\n\n\n<p>El calendario est\u00e1 pautado que\nsiga el fin de semana del 4 de julio, con escenario a confirmar.<\/p>\n","protected":false},"excerpt":{"rendered":"<p>Ignacio Procacitto tuvo un auto veloz pero se complic\u00f3 el panorama y no pudo sumar en La Plata, por la quinta fecha<\/p>\n","protected":false},"author":1,"featured_media":2759,"comment_status":"closed","ping_status":"closed","sticky":false,"template":"","format":"standard","meta":{"footnotes":""},"categories":[3],"tags":[],"class_list":["post-2757","post","type-post","status-publish","format-standard","has-post-thumbnail","hentry","category-novedades"],"_links":{"self":[{"href":"https:\/\/ignacioprocacitto.com.ar\/sitio\/wp-json\/wp\/v2\/posts\/2757","targetHints":{"allow":["GET"]}}],"collection":[{"href":"https:\/\/ignacioprocacitto.com.ar\/sitio\/wp-json\/wp\/v2\/posts"}],"about":[{"href":"https:\/\/ignacioprocacitto.com.ar\/sitio\/wp-json\/wp\/v2\/types\/post"}],"author":[{"embeddable":true,"href":"https:\/\/ignacioprocacitto.com.ar\/sitio\/wp-json\/wp\/v2\/users\/1"}],"replies":[{"embeddable":true,"href":"https:\/\/ignacioprocacitto.com.ar\/sitio\/wp-json\/wp\/v2\/comments?post=2757"}],"version-history":[{"count":0,"href":"https:\/\/ignacioprocacitto.com.ar\/sitio\/wp-json\/wp\/v2\/posts\/2757\/revisions"}],"wp:featuredmedia":[{"embeddable":true,"href":"https:\/\/ignacioprocacitto.com.ar\/sitio\/wp-json\/wp\/v2\/media\/2759"}],"wp:attachment":[{"href":"https:\/\/ignacioprocacitto.com.ar\/sitio\/wp-json\/wp\/v2\/media?parent=2757"}],"wp:term":[{"taxonomy":"category","embeddable":true,"href":"https:\/\/ignacioprocacitto.com.ar\/sitio\/wp-json\/wp\/v2\/categories?post=2757"},{"taxonomy":"post_tag","embeddable":true,"href":"https:\/\/ignacioprocacitto.com.ar\/sitio\/wp-json\/wp\/v2\/tags?post=2757"}],"curies":[{"name":"wp","href":"https:\/\/api.w.org\/{rel}","templated":true}]}}