{"id":2788,"date":"2021-07-12T14:32:44","date_gmt":"2021-07-12T14:32:44","guid":{"rendered":"http:\/\/www.ignacioprocacitto.com.ar\/sitio\/?p=2788"},"modified":"2021-07-26T14:09:41","modified_gmt":"2021-07-26T17:09:41","slug":"ignacio-procacitto-y-un-nuevo-desafio","status":"publish","type":"post","link":"https:\/\/ignacioprocacitto.com.ar\/sitio\/2021\/07\/12\/ignacio-procacitto-y-un-nuevo-desafio\/","title":{"rendered":"Ignacio Procacitto y un nuevo desaf\u00edo"},"content":{"rendered":"\n<p><strong>El rosense se presentar\u00e1 en Concordia a pelear por la sexta fecha de la Clase 2<\/strong><\/p>\n\n\n\n<!--more-->\n\n\n\n<p>El Procacitto Racing ya se instal\u00f3 en Concordia para disputar la sexta fecha del campeonato 2021 de Turismo Nacional Clase 2, con el Volkswagen Gol Trend preparado en Las Rosas. Ignacio Procacitto espera poder volver a los primeros lugares y ser r\u00e1pido en un circuito muy complejo.<\/p>\n\n\n\n<p>La pista entrerriana siempre es dif\u00edcil, y m\u00e1s para el representante de Las Rosas debido a que nunca le toc\u00f3 competir all\u00ed. Por esto es que ser\u00e1 una fecha donde lo primordial ser\u00e1 aprovechar los entrenamientos de este viernes para clasificar acorde a las pretensiones, que son de luchar adelante.<\/p>\n\n\n\n<p>\u201cAl auto le hicimos un repaso sobre la base en la cual venimos trabajando, y sabemos que tenemos un buen potencial. Solamente espero poder adaptarme r\u00e1pidamente al trazado, ver c\u00f3mo nos cae y tratar de ser protagonistas\u201d, asegur\u00f3 el ingeniero Procacitto.<\/p>\n\n\n\n<p>Con dos entrenamientos el viernes y una clasificaci\u00f3n en esa primera jornada, se definir\u00e1 mucho para el fin de semana, donde habr\u00e1 una segunda tanda clasificatoria m\u00e1s las series el s\u00e1bado, y la gran final el domingo al mediod\u00eda.<\/p>\n\n\n\n<figure class=\"wp-block-image size-full\"><img fetchpriority=\"high\" decoding=\"async\" width=\"800\" height=\"332\" src=\"https:\/\/ignacioprocacitto.com.ar\/sitio\/wp-content\/uploads\/2021\/07\/FONDO-PROCA.jpg\" alt=\"\" class=\"wp-image-3031\" srcset=\"https:\/\/ignacioprocacitto.com.ar\/sitio\/wp-content\/uploads\/2021\/07\/FONDO-PROCA.jpg 800w, https:\/\/ignacioprocacitto.com.ar\/sitio\/wp-content\/uploads\/2021\/07\/FONDO-PROCA-300x125.jpg 300w, https:\/\/ignacioprocacitto.com.ar\/sitio\/wp-content\/uploads\/2021\/07\/FONDO-PROCA-768x319.jpg 768w\" sizes=\"(max-width: 800px) 100vw, 800px\" \/><\/figure>\n","protected":false},"excerpt":{"rendered":"<p>El rosense se presentar\u00e1 en Concordia a pelear por la sexta fecha de la Clase 2<\/p>\n","protected":false},"author":1,"featured_media":2777,"comment_status":"closed","ping_status":"closed","sticky":false,"template":"","format":"standard","meta":{"footnotes":""},"categories":[3],"tags":[],"class_list":["post-2788","post","type-post","status-publish","format-standard","has-post-thumbnail","hentry","category-novedades"],"_links":{"self":[{"href":"https:\/\/ignacioprocacitto.com.ar\/sitio\/wp-json\/wp\/v2\/posts\/2788","targetHints":{"allow":["GET"]}}],"collection":[{"href":"https:\/\/ignacioprocacitto.com.ar\/sitio\/wp-json\/wp\/v2\/posts"}],"about":[{"href":"https:\/\/ignacioprocacitto.com.ar\/sitio\/wp-json\/wp\/v2\/types\/post"}],"author":[{"embeddable":true,"href":"https:\/\/ignacioprocacitto.com.ar\/sitio\/wp-json\/wp\/v2\/users\/1"}],"replies":[{"embeddable":true,"href":"https:\/\/ignacioprocacitto.com.ar\/sitio\/wp-json\/wp\/v2\/comments?post=2788"}],"version-history":[{"count":1,"href":"https:\/\/ignacioprocacitto.com.ar\/sitio\/wp-json\/wp\/v2\/posts\/2788\/revisions"}],"predecessor-version":[{"id":3032,"href":"https:\/\/ignacioprocacitto.com.ar\/sitio\/wp-json\/wp\/v2\/posts\/2788\/revisions\/3032"}],"wp:featuredmedia":[{"embeddable":true,"href":"https:\/\/ignacioprocacitto.com.ar\/sitio\/wp-json\/wp\/v2\/media\/2777"}],"wp:attachment":[{"href":"https:\/\/ignacioprocacitto.com.ar\/sitio\/wp-json\/wp\/v2\/media?parent=2788"}],"wp:term":[{"taxonomy":"category","embeddable":true,"href":"https:\/\/ignacioprocacitto.com.ar\/sitio\/wp-json\/wp\/v2\/categories?post=2788"},{"taxonomy":"post_tag","embeddable":true,"href":"https:\/\/ignacioprocacitto.com.ar\/sitio\/wp-json\/wp\/v2\/tags?post=2788"}],"curies":[{"name":"wp","href":"https:\/\/api.w.org\/{rel}","templated":true}]}}