{"id":2863,"date":"2021-07-12T14:34:20","date_gmt":"2021-07-12T14:34:20","guid":{"rendered":"http:\/\/www.ignacioprocacitto.com.ar\/sitio\/?p=2863"},"modified":"2021-07-26T14:09:43","modified_gmt":"2021-07-26T17:09:43","slug":"volvio-al-podio-y-subio-en-el-campeonato","status":"publish","type":"post","link":"https:\/\/ignacioprocacitto.com.ar\/sitio\/2021\/07\/12\/volvio-al-podio-y-subio-en-el-campeonato\/","title":{"rendered":"Volvi\u00f3 al podio y subi\u00f3 en el campeonato"},"content":{"rendered":"\n<p><strong>Ignacio Procacitto tuvo un gran fin de semana en Concordia, ganando su serie y terminando segundo en la final<\/strong><\/p>\n\n\n\n<!--more-->\n\n\n\n<p>El sexto compromiso anual del Turismo Nacional Clase 2 tuvo a Ignacio Procacitto destac\u00e1ndose con el Volkswagen Gol Trend de estructura propia en Las Rosas. Tuvo la pole el viernes, qued\u00f3 segunda en la clasificaci\u00f3n general, gan\u00f3 su serie y finaliz\u00f3 segundo una carrera final muy entretenida en Concordia.<\/p>\n\n\n\n<p>Si bien no conoc\u00eda el circuito entrerriano y en los entrenamientos no pudo cerrar una vuelta firme, el Procacitto Racing trabaj\u00f3 de gran forma con Gonzalo Ceballos a la cabeza, con Carlos Procacitto y el grupo de mec\u00e1nicos rosenses. \u2018Nachi\u2019 sali\u00f3 a la primera clasificaci\u00f3n con ganas de destacarse y lo hizo de la mejor forma, obteniendo la pole position provisional. El s\u00e1bado, fue desbancado pero qued\u00f3 segundo, tras su coterr\u00e1neo Lucas Tedeschi.<\/p>\n\n\n\n<p>A la hora de las series, Procacitto larg\u00f3 en la segunda y no pudo ser doblegado por el puntero del certamen Emanuel Abdala, en una carrera muy dura y que forz\u00f3 que sea la serie m\u00e1s lenta de las tres. En la prueba final, partiendo tercero, hubo varios intercambios de lugares donde por momentos estaba fuera del podio. Pero sobre el final, pudo ganar un par de ubicaciones y lleg\u00f3 como escolta del vencedor Mateo N\u00fa\u00f1ez. Este podio en la Clase 2 lo vuelve a poner entre los diez mejores del campeonato, y con muchos puntos en juego por delante.<\/p>\n\n\n\n<p>\u201cFue una carrera dur\u00edsima y yo ven\u00eda complicado en los frenajes porque se me bloqueaba mucho atr\u00e1s. Trat\u00e9 de pasarle freno adelante pero no hab\u00eda m\u00e1s. Tuvimos que aguantar y me concientic\u00e9 en eso. La final se hizo interminable y me ayud\u00f3 el ingreso del auto de seguridad. Por momentos pod\u00edamos atacar y eso nos permiti\u00f3 obtener este segundo puesto\u201d, expres\u00f3 Procacitto desde el podio.<\/p>\n\n\n\n<p>Y agreg\u00f3: \u201cSe nos ven\u00eda negando el podio aunque est\u00e1bamos bastante cerca. Es importante sumar, importante el podio, y reconforta porque ven\u00edamos laburando much\u00edsimo y de buena forma. Nos llena de orgullo y fuerzas para seguir peleando\u201d.<\/p>\n\n\n\n<p>Finalmente, agradeci\u00f3: \u201cMi familia est\u00e1 esperando, siempre haciendo fuerzas y todos apoyan con su granito de arena a este equipo. Agradezco a mi familia, a mi equipo, a los hermanos Riva por el motor, a Gonzalo Ceballos, a los sponsors que son cruciales para este presente y esperemos que se nos abran m\u00e1s puertas para poder estar en lo que resta del a\u00f1o\u201d.<\/p>\n\n\n\n<figure class=\"wp-block-image size-full\"><img fetchpriority=\"high\" decoding=\"async\" width=\"800\" height=\"332\" src=\"https:\/\/ignacioprocacitto.com.ar\/sitio\/wp-content\/uploads\/2021\/07\/FONDO-PROCA.jpg\" alt=\"\" class=\"wp-image-3031\" srcset=\"https:\/\/ignacioprocacitto.com.ar\/sitio\/wp-content\/uploads\/2021\/07\/FONDO-PROCA.jpg 800w, https:\/\/ignacioprocacitto.com.ar\/sitio\/wp-content\/uploads\/2021\/07\/FONDO-PROCA-300x125.jpg 300w, https:\/\/ignacioprocacitto.com.ar\/sitio\/wp-content\/uploads\/2021\/07\/FONDO-PROCA-768x319.jpg 768w\" sizes=\"(max-width: 800px) 100vw, 800px\" \/><\/figure>\n\n\n\n<figure class=\"wp-block-gallery columns-3 is-cropped wp-block-gallery-1 is-layout-flex wp-block-gallery-is-layout-flex\"><ul class=\"blocks-gallery-grid\"><li class=\"blocks-gallery-item\"><figure><a href=\"https:\/\/www.ignacioprocacitto.com.ar\/sitio\/wp-content\/uploads\/2021\/07\/bSAB-5.jpeg\"><img decoding=\"async\" src=\"https:\/\/www.ignacioprocacitto.com.ar\/sitio\/wp-content\/uploads\/2021\/07\/bSAB-5-1024x681.jpeg\" alt=\"\" data-id=\"2818\" data-full-url=\"https:\/\/www.ignacioprocacitto.com.ar\/sitio\/wp-content\/uploads\/2021\/07\/bSAB-5.jpeg\" data-link=\"https:\/\/www.ignacioprocacitto.com.ar\/sitio\/ano-2021\/bsab-5-3\/\" class=\"wp-image-2818\"\/><\/a><\/figure><\/li><li class=\"blocks-gallery-item\"><figure><a href=\"https:\/\/www.ignacioprocacitto.com.ar\/sitio\/wp-content\/uploads\/2021\/07\/bSAB-6.jpeg\"><img decoding=\"async\" src=\"https:\/\/www.ignacioprocacitto.com.ar\/sitio\/wp-content\/uploads\/2021\/07\/bSAB-6-1024x681.jpeg\" alt=\"\" data-id=\"2819\" data-full-url=\"https:\/\/www.ignacioprocacitto.com.ar\/sitio\/wp-content\/uploads\/2021\/07\/bSAB-6.jpeg\" data-link=\"https:\/\/www.ignacioprocacitto.com.ar\/sitio\/ano-2021\/bsab-6-3\/\" class=\"wp-image-2819\"\/><\/a><\/figure><\/li><li class=\"blocks-gallery-item\"><figure><a href=\"https:\/\/www.ignacioprocacitto.com.ar\/sitio\/wp-content\/uploads\/2021\/07\/bSAB-14.jpeg\"><img decoding=\"async\" src=\"https:\/\/www.ignacioprocacitto.com.ar\/sitio\/wp-content\/uploads\/2021\/07\/bSAB-14-1024x681.jpeg\" alt=\"\" data-id=\"2827\" data-full-url=\"https:\/\/www.ignacioprocacitto.com.ar\/sitio\/wp-content\/uploads\/2021\/07\/bSAB-14.jpeg\" data-link=\"https:\/\/www.ignacioprocacitto.com.ar\/sitio\/ano-2021\/bsab-14-3\/\" class=\"wp-image-2827\"\/><\/a><\/figure><\/li><li class=\"blocks-gallery-item\"><figure><a href=\"https:\/\/www.ignacioprocacitto.com.ar\/sitio\/wp-content\/uploads\/2021\/07\/dDOM.jpeg\"><img decoding=\"async\" src=\"https:\/\/www.ignacioprocacitto.com.ar\/sitio\/wp-content\/uploads\/2021\/07\/dDOM-1024x681.jpeg\" alt=\"\" data-id=\"2842\" data-full-url=\"https:\/\/www.ignacioprocacitto.com.ar\/sitio\/wp-content\/uploads\/2021\/07\/dDOM.jpeg\" data-link=\"https:\/\/www.ignacioprocacitto.com.ar\/sitio\/ano-2021\/ddom\/\" class=\"wp-image-2842\"\/><\/a><\/figure><\/li><li class=\"blocks-gallery-item\"><figure><a href=\"https:\/\/www.ignacioprocacitto.com.ar\/sitio\/wp-content\/uploads\/2021\/07\/eDOM-2.jpeg\"><img decoding=\"async\" src=\"https:\/\/www.ignacioprocacitto.com.ar\/sitio\/wp-content\/uploads\/2021\/07\/eDOM-2-1024x682.jpeg\" alt=\"\" data-id=\"2844\" data-full-url=\"https:\/\/www.ignacioprocacitto.com.ar\/sitio\/wp-content\/uploads\/2021\/07\/eDOM-2.jpeg\" data-link=\"https:\/\/www.ignacioprocacitto.com.ar\/sitio\/ano-2021\/edom-2\/\" class=\"wp-image-2844\"\/><\/a><\/figure><\/li><li class=\"blocks-gallery-item\"><figure><a href=\"https:\/\/www.ignacioprocacitto.com.ar\/sitio\/wp-content\/uploads\/2021\/07\/eDOM-3.jpeg\"><img decoding=\"async\" src=\"https:\/\/www.ignacioprocacitto.com.ar\/sitio\/wp-content\/uploads\/2021\/07\/eDOM-3-1024x682.jpeg\" alt=\"\" data-id=\"2845\" data-full-url=\"https:\/\/www.ignacioprocacitto.com.ar\/sitio\/wp-content\/uploads\/2021\/07\/eDOM-3.jpeg\" data-link=\"https:\/\/www.ignacioprocacitto.com.ar\/sitio\/ano-2021\/edom-3\/\" class=\"wp-image-2845\"\/><\/a><\/figure><\/li><li class=\"blocks-gallery-item\"><figure><a href=\"https:\/\/www.ignacioprocacitto.com.ar\/sitio\/wp-content\/uploads\/2021\/07\/eDOM-15.jpeg\"><img decoding=\"async\" src=\"https:\/\/www.ignacioprocacitto.com.ar\/sitio\/wp-content\/uploads\/2021\/07\/eDOM-15-1024x682.jpeg\" alt=\"\" data-id=\"2857\" data-full-url=\"https:\/\/www.ignacioprocacitto.com.ar\/sitio\/wp-content\/uploads\/2021\/07\/eDOM-15.jpeg\" data-link=\"https:\/\/www.ignacioprocacitto.com.ar\/sitio\/ano-2021\/edom-15\/\" class=\"wp-image-2857\"\/><\/a><\/figure><\/li><li class=\"blocks-gallery-item\"><figure><a href=\"https:\/\/www.ignacioprocacitto.com.ar\/sitio\/wp-content\/uploads\/2021\/07\/eDOM-17.jpeg\"><img decoding=\"async\" src=\"https:\/\/www.ignacioprocacitto.com.ar\/sitio\/wp-content\/uploads\/2021\/07\/eDOM-17-1024x682.jpeg\" alt=\"\" data-id=\"2859\" data-full-url=\"https:\/\/www.ignacioprocacitto.com.ar\/sitio\/wp-content\/uploads\/2021\/07\/eDOM-17.jpeg\" data-link=\"https:\/\/www.ignacioprocacitto.com.ar\/sitio\/ano-2021\/edom-17\/\" class=\"wp-image-2859\"\/><\/a><\/figure><\/li><\/ul><\/figure>\n","protected":false},"excerpt":{"rendered":"<p>Ignacio Procacitto tuvo un gran fin de semana en Concordia, ganando su serie y terminando segundo en la final<\/p>\n","protected":false},"author":1,"featured_media":2852,"comment_status":"closed","ping_status":"closed","sticky":false,"template":"","format":"standard","meta":{"footnotes":""},"categories":[3],"tags":[],"class_list":["post-2863","post","type-post","status-publish","format-standard","has-post-thumbnail","hentry","category-novedades"],"_links":{"self":[{"href":"https:\/\/ignacioprocacitto.com.ar\/sitio\/wp-json\/wp\/v2\/posts\/2863","targetHints":{"allow":["GET"]}}],"collection":[{"href":"https:\/\/ignacioprocacitto.com.ar\/sitio\/wp-json\/wp\/v2\/posts"}],"about":[{"href":"https:\/\/ignacioprocacitto.com.ar\/sitio\/wp-json\/wp\/v2\/types\/post"}],"author":[{"embeddable":true,"href":"https:\/\/ignacioprocacitto.com.ar\/sitio\/wp-json\/wp\/v2\/users\/1"}],"replies":[{"embeddable":true,"href":"https:\/\/ignacioprocacitto.com.ar\/sitio\/wp-json\/wp\/v2\/comments?post=2863"}],"version-history":[{"count":2,"href":"https:\/\/ignacioprocacitto.com.ar\/sitio\/wp-json\/wp\/v2\/posts\/2863\/revisions"}],"predecessor-version":[{"id":3033,"href":"https:\/\/ignacioprocacitto.com.ar\/sitio\/wp-json\/wp\/v2\/posts\/2863\/revisions\/3033"}],"wp:featuredmedia":[{"embeddable":true,"href":"https:\/\/ignacioprocacitto.com.ar\/sitio\/wp-json\/wp\/v2\/media\/2852"}],"wp:attachment":[{"href":"https:\/\/ignacioprocacitto.com.ar\/sitio\/wp-json\/wp\/v2\/media?parent=2863"}],"wp:term":[{"taxonomy":"category","embeddable":true,"href":"https:\/\/ignacioprocacitto.com.ar\/sitio\/wp-json\/wp\/v2\/categories?post=2863"},{"taxonomy":"post_tag","embeddable":true,"href":"https:\/\/ignacioprocacitto.com.ar\/sitio\/wp-json\/wp\/v2\/tags?post=2863"}],"curies":[{"name":"wp","href":"https:\/\/api.w.org\/{rel}","templated":true}]}}