{"id":3008,"date":"2021-07-21T14:36:17","date_gmt":"2021-07-21T17:36:17","guid":{"rendered":"https:\/\/ignacioprocacitto.com.ar\/sitio\/?p=3008"},"modified":"2021-07-26T14:09:45","modified_gmt":"2021-07-26T17:09:45","slug":"llega-bien-plantado-a-otra-cita-entrerriana","status":"publish","type":"post","link":"https:\/\/ignacioprocacitto.com.ar\/sitio\/2021\/07\/21\/llega-bien-plantado-a-otra-cita-entrerriana\/","title":{"rendered":"Llega bien plantado a otra cita entrerriana"},"content":{"rendered":"\n<h2 class=\"wp-block-heading\"><strong>Tras el podio en Concordia, Ignacio Procacitto vuelve al ruedo en Concepci\u00f3n del Uruguay<\/strong><\/h2>\n\n\n\n<!--more-->\n\n\n\n<p>Este fin de semana ser\u00e1 la s\u00e9ptima fecha del Turismo Nacional Clase 2, donde Ignacio Procacitto buscar\u00e1 seguir peleando por los primeros puestos. Concepci\u00f3n del Uruguay espera por su equipo, que en Concordia hizo podio y ahora tratar\u00e1 de ir por m\u00e1s.<\/p>\n\n\n\n<p>Con solamente tres semanas entre carrera y carrera, los buenos resultados y por la forma en que termin\u00f3 la carrera el Volkswagen Gol Trend, en el Procacitto Racing solamente se tuvo que hacer un repaso y as\u00ed dejar todo listo para empezar la segunda mitad de la temporada del TN.<\/p>\n\n\n\n<p>\u201cViene todo bien, se aline\u00f3 y se hicieron pocos detalles en el auto, que ir\u00e1 similar a Concordia porque afortunadamente este paso de carrera a carrera fue tranquilo, y tenemos un muy buen funcionamiento como todo el a\u00f1o hasta ahora. Donde no estamos tranquilos es con el presupuesto, seguimos luchando pero tenemos fe en que vamos a tener todo el apoyo necesario para seguir\u201d, analiz\u00f3 \u2018Nachi\u2019 Procacitto.<\/p>\n\n\n\n<p>La competencia tendr\u00e1 actividad el viernes con dos entrenamientos y la primera clasificaci\u00f3n. El s\u00e1bado por la ma\u00f1ana ser\u00e1 la segunda clasificaci\u00f3n, mientras que por la tarde ser\u00e1n las series. El domingo, la final comenzar\u00e1 despu\u00e9s del mediod\u00eda, como es habitual en el Turismo Nacional.<\/p>\n\n\n\n<figure class=\"wp-block-image size-full\"><img fetchpriority=\"high\" decoding=\"async\" width=\"800\" height=\"332\" src=\"https:\/\/ignacioprocacitto.com.ar\/sitio\/wp-content\/uploads\/2021\/07\/FONDO-PROCA.jpg\" alt=\"\" class=\"wp-image-3031\" srcset=\"https:\/\/ignacioprocacitto.com.ar\/sitio\/wp-content\/uploads\/2021\/07\/FONDO-PROCA.jpg 800w, https:\/\/ignacioprocacitto.com.ar\/sitio\/wp-content\/uploads\/2021\/07\/FONDO-PROCA-300x125.jpg 300w, https:\/\/ignacioprocacitto.com.ar\/sitio\/wp-content\/uploads\/2021\/07\/FONDO-PROCA-768x319.jpg 768w\" sizes=\"(max-width: 800px) 100vw, 800px\" \/><\/figure>\n\n\n\n<figure class=\"wp-block-image size-large\"><img decoding=\"async\" width=\"1024\" height=\"681\" src=\"https:\/\/ignacioprocacitto.com.ar\/sitio\/wp-content\/uploads\/2021\/07\/Ignacio-Procacitto-1-1024x681.jpg\" alt=\"\" class=\"wp-image-3009\" srcset=\"https:\/\/ignacioprocacitto.com.ar\/sitio\/wp-content\/uploads\/2021\/07\/Ignacio-Procacitto-1-1024x681.jpg 1024w, https:\/\/ignacioprocacitto.com.ar\/sitio\/wp-content\/uploads\/2021\/07\/Ignacio-Procacitto-1-300x199.jpg 300w, https:\/\/ignacioprocacitto.com.ar\/sitio\/wp-content\/uploads\/2021\/07\/Ignacio-Procacitto-1-768x511.jpg 768w, https:\/\/ignacioprocacitto.com.ar\/sitio\/wp-content\/uploads\/2021\/07\/Ignacio-Procacitto-1.jpg 1280w\" sizes=\"(max-width: 1024px) 100vw, 1024px\" \/><\/figure>\n","protected":false},"excerpt":{"rendered":"<p>Tras el podio en Concordia, Ignacio Procacitto vuelve al ruedo en Concepci\u00f3n del Uruguay<\/p>\n","protected":false},"author":1,"featured_media":3010,"comment_status":"open","ping_status":"closed","sticky":false,"template":"","format":"standard","meta":{"footnotes":""},"categories":[3],"tags":[],"class_list":["post-3008","post","type-post","status-publish","format-standard","has-post-thumbnail","hentry","category-novedades"],"_links":{"self":[{"href":"https:\/\/ignacioprocacitto.com.ar\/sitio\/wp-json\/wp\/v2\/posts\/3008","targetHints":{"allow":["GET"]}}],"collection":[{"href":"https:\/\/ignacioprocacitto.com.ar\/sitio\/wp-json\/wp\/v2\/posts"}],"about":[{"href":"https:\/\/ignacioprocacitto.com.ar\/sitio\/wp-json\/wp\/v2\/types\/post"}],"author":[{"embeddable":true,"href":"https:\/\/ignacioprocacitto.com.ar\/sitio\/wp-json\/wp\/v2\/users\/1"}],"replies":[{"embeddable":true,"href":"https:\/\/ignacioprocacitto.com.ar\/sitio\/wp-json\/wp\/v2\/comments?post=3008"}],"version-history":[{"count":2,"href":"https:\/\/ignacioprocacitto.com.ar\/sitio\/wp-json\/wp\/v2\/posts\/3008\/revisions"}],"predecessor-version":[{"id":3034,"href":"https:\/\/ignacioprocacitto.com.ar\/sitio\/wp-json\/wp\/v2\/posts\/3008\/revisions\/3034"}],"wp:featuredmedia":[{"embeddable":true,"href":"https:\/\/ignacioprocacitto.com.ar\/sitio\/wp-json\/wp\/v2\/media\/3010"}],"wp:attachment":[{"href":"https:\/\/ignacioprocacitto.com.ar\/sitio\/wp-json\/wp\/v2\/media?parent=3008"}],"wp:term":[{"taxonomy":"category","embeddable":true,"href":"https:\/\/ignacioprocacitto.com.ar\/sitio\/wp-json\/wp\/v2\/categories?post=3008"},{"taxonomy":"post_tag","embeddable":true,"href":"https:\/\/ignacioprocacitto.com.ar\/sitio\/wp-json\/wp\/v2\/tags?post=3008"}],"curies":[{"name":"wp","href":"https:\/\/api.w.org\/{rel}","templated":true}]}}