{"id":3068,"date":"2021-08-19T17:18:00","date_gmt":"2021-08-19T20:18:00","guid":{"rendered":"https:\/\/ignacioprocacitto.com.ar\/sitio\/?p=3068"},"modified":"2021-08-25T17:20:09","modified_gmt":"2021-08-25T20:20:09","slug":"buena-prueba-pensando-en-rosario","status":"publish","type":"post","link":"https:\/\/ignacioprocacitto.com.ar\/sitio\/2021\/08\/19\/buena-prueba-pensando-en-rosario\/","title":{"rendered":"Buena prueba pensando en Rosario"},"content":{"rendered":"\n<p><strong>Ignacio Procacitto sali\u00f3 a pista en San Nicol\u00e1s y se ensayaron nuevas configuraciones de amortiguadores<\/strong><\/p>\n\n\n\n<!--more-->\n\n\n\n<p>Este jueves fue de ensayos para Ignacio Procacitto y su equipo en el aut\u00f3dromo \u2018San Nicol\u00e1s Ciudad\u2019, buscando mejoras en el rendimiento del chasis del Volkswagen Gol Trend de Turismo Nacional Clase 2. El fin de semana del 27, 28 y 29 de agosto ser\u00e1 el pr\u00f3ximo evento, en Rosario, y quiere llegar bien preparado.<\/p>\n\n\n\n<p>Arrancando un poco m\u00e1s tarde de lo previsto, el Procacitto Racing igualmente pudo sacar provecho junto a Gonzalo Ceballos en la puesta a punto del chasis. \u2018Nachi\u2019 Procacitto pudo registrar un tiempo muy bueno teniendo en cuenta de que no contaba con el motor de correr, y el andar del auto dio referencias positivas para encarar la pr\u00f3xima competencia.<\/p>\n\n\n\n<p>\u201cFue una buena prueba, a pesar de que no aprovechamos todo el d\u00eda por algunos retrasos previos a viajar a San Nicol\u00e1s. Pudimos ensayar nuevas configuraciones en la suspensi\u00f3n y creemos que mejor\u00f3 el agarre del auto, que es lo que busc\u00e1bamos. A\u00fan quedan cosas para probar, pero estamos conformes con haber hecho 1m37s6 con motor de pruebas\u201d, asegur\u00f3 Procacitto.<\/p>\n\n\n\n<p>En pocos d\u00edas ser\u00e1 el retorno del TN a Rosario, el regreso del automovilismo nacional a la Provincia de Santa Fe, y como santafesinos pretenden destacarse como lo han hecho en casi todo el 2021. Por ello, Ignacio cerr\u00f3: \u201cEsperemos que esto funcione bien para Rosario, carrera cercana a Las Rosas y donde queremos volver a pelear adelante\u201d.<\/p>\n","protected":false},"excerpt":{"rendered":"<p>Ignacio Procacitto sali\u00f3 a pista en San Nicol\u00e1s y se ensayaron nuevas configuraciones de amortiguadores<\/p>\n","protected":false},"author":1,"featured_media":3069,"comment_status":"open","ping_status":"closed","sticky":false,"template":"","format":"standard","meta":{"footnotes":""},"categories":[3],"tags":[],"class_list":["post-3068","post","type-post","status-publish","format-standard","has-post-thumbnail","hentry","category-novedades"],"_links":{"self":[{"href":"https:\/\/ignacioprocacitto.com.ar\/sitio\/wp-json\/wp\/v2\/posts\/3068","targetHints":{"allow":["GET"]}}],"collection":[{"href":"https:\/\/ignacioprocacitto.com.ar\/sitio\/wp-json\/wp\/v2\/posts"}],"about":[{"href":"https:\/\/ignacioprocacitto.com.ar\/sitio\/wp-json\/wp\/v2\/types\/post"}],"author":[{"embeddable":true,"href":"https:\/\/ignacioprocacitto.com.ar\/sitio\/wp-json\/wp\/v2\/users\/1"}],"replies":[{"embeddable":true,"href":"https:\/\/ignacioprocacitto.com.ar\/sitio\/wp-json\/wp\/v2\/comments?post=3068"}],"version-history":[{"count":1,"href":"https:\/\/ignacioprocacitto.com.ar\/sitio\/wp-json\/wp\/v2\/posts\/3068\/revisions"}],"predecessor-version":[{"id":3070,"href":"https:\/\/ignacioprocacitto.com.ar\/sitio\/wp-json\/wp\/v2\/posts\/3068\/revisions\/3070"}],"wp:featuredmedia":[{"embeddable":true,"href":"https:\/\/ignacioprocacitto.com.ar\/sitio\/wp-json\/wp\/v2\/media\/3069"}],"wp:attachment":[{"href":"https:\/\/ignacioprocacitto.com.ar\/sitio\/wp-json\/wp\/v2\/media?parent=3068"}],"wp:term":[{"taxonomy":"category","embeddable":true,"href":"https:\/\/ignacioprocacitto.com.ar\/sitio\/wp-json\/wp\/v2\/categories?post=3068"},{"taxonomy":"post_tag","embeddable":true,"href":"https:\/\/ignacioprocacitto.com.ar\/sitio\/wp-json\/wp\/v2\/tags?post=3068"}],"curies":[{"name":"wp","href":"https:\/\/api.w.org\/{rel}","templated":true}]}}