{"id":3071,"date":"2021-08-25T17:20:53","date_gmt":"2021-08-25T20:20:53","guid":{"rendered":"https:\/\/ignacioprocacitto.com.ar\/sitio\/?p=3071"},"modified":"2021-08-25T17:20:54","modified_gmt":"2021-08-25T20:20:54","slug":"ignacio-procacitto-confiado-para-rosario","status":"publish","type":"post","link":"https:\/\/ignacioprocacitto.com.ar\/sitio\/2021\/08\/25\/ignacio-procacitto-confiado-para-rosario\/","title":{"rendered":"Ignacio Procacitto, confiado para Rosario"},"content":{"rendered":"\n<p><strong>Con el regreso del automovilismo nacional a la Provincia de Santa Fe, el rosense espera seguir con grandes resultados<\/strong><\/p>\n\n\n\n<!--more-->\n\n\n\n<p>Ya dentro de los diez primeros del certamen, Ignacio Procacitto buscar\u00e1 este fin de semana volver a pelear adelante en el Turismo Nacional Clase 2. Rosario ser\u00e1 sede de la octava cita del calendario, siendo la fecha m\u00e1s cercana a Las Rosas en esta temporada, y primera en territorio santafesino desde que inici\u00f3 la pandemia.<\/p>\n\n\n\n<p>Con el ensayo hecho la semana pasada en San Nicol\u00e1s, el Procacitto Racing sigue evolucionando con el Volkswagen Gol n\u00famero 14. Este fin de semana ser\u00e1 importante poder materializar los esfuerzos del equipo, de Gonzalo Ceballos en la asistencia del chasis y el potencial de los motores de los hermanos Riva.<\/p>\n\n\n\n<p>\u201cNos estamos acomodando para esta nueva fecha, que ser\u00e1 cerca en Rosario. Venimos de una prueba positiva y con los resultados que estamos obteniendo en las \u00faltimas fechas, creemos que podemos funcionar muy bien y lograr buenos resultados en un circuito donde somos locales\u201d, afirm\u00f3 el rosense \u2018Nachi\u2019 Procacitto.<\/p>\n\n\n\n<p>La actividad iniciar\u00e1 el viernes con entrenamientos y la primera clasificaci\u00f3n, mientras que el s\u00e1bado habr\u00e1 segunda tanda de clasificaci\u00f3n y las series por la tarde. El domingo, al mediod\u00eda, por la TV P\u00fablica se podr\u00e1 disfrutar de la competencia final.<\/p>\n","protected":false},"excerpt":{"rendered":"<p>Con el regreso del automovilismo nacional a la Provincia de Santa Fe, el rosense espera seguir con grandes resultados<\/p>\n","protected":false},"author":1,"featured_media":3055,"comment_status":"open","ping_status":"closed","sticky":false,"template":"","format":"standard","meta":{"footnotes":""},"categories":[3],"tags":[],"class_list":["post-3071","post","type-post","status-publish","format-standard","has-post-thumbnail","hentry","category-novedades"],"_links":{"self":[{"href":"https:\/\/ignacioprocacitto.com.ar\/sitio\/wp-json\/wp\/v2\/posts\/3071","targetHints":{"allow":["GET"]}}],"collection":[{"href":"https:\/\/ignacioprocacitto.com.ar\/sitio\/wp-json\/wp\/v2\/posts"}],"about":[{"href":"https:\/\/ignacioprocacitto.com.ar\/sitio\/wp-json\/wp\/v2\/types\/post"}],"author":[{"embeddable":true,"href":"https:\/\/ignacioprocacitto.com.ar\/sitio\/wp-json\/wp\/v2\/users\/1"}],"replies":[{"embeddable":true,"href":"https:\/\/ignacioprocacitto.com.ar\/sitio\/wp-json\/wp\/v2\/comments?post=3071"}],"version-history":[{"count":1,"href":"https:\/\/ignacioprocacitto.com.ar\/sitio\/wp-json\/wp\/v2\/posts\/3071\/revisions"}],"predecessor-version":[{"id":3072,"href":"https:\/\/ignacioprocacitto.com.ar\/sitio\/wp-json\/wp\/v2\/posts\/3071\/revisions\/3072"}],"wp:featuredmedia":[{"embeddable":true,"href":"https:\/\/ignacioprocacitto.com.ar\/sitio\/wp-json\/wp\/v2\/media\/3055"}],"wp:attachment":[{"href":"https:\/\/ignacioprocacitto.com.ar\/sitio\/wp-json\/wp\/v2\/media?parent=3071"}],"wp:term":[{"taxonomy":"category","embeddable":true,"href":"https:\/\/ignacioprocacitto.com.ar\/sitio\/wp-json\/wp\/v2\/categories?post=3071"},{"taxonomy":"post_tag","embeddable":true,"href":"https:\/\/ignacioprocacitto.com.ar\/sitio\/wp-json\/wp\/v2\/tags?post=3071"}],"curies":[{"name":"wp","href":"https:\/\/api.w.org\/{rel}","templated":true}]}}