{"id":3110,"date":"2021-08-29T21:17:56","date_gmt":"2021-08-30T00:17:56","guid":{"rendered":"https:\/\/ignacioprocacitto.com.ar\/sitio\/?p=3110"},"modified":"2021-08-29T21:19:18","modified_gmt":"2021-08-30T00:19:18","slug":"un-toque-lo-obligo-a-desertar","status":"publish","type":"post","link":"https:\/\/ignacioprocacitto.com.ar\/sitio\/2021\/08\/29\/un-toque-lo-obligo-a-desertar\/","title":{"rendered":"Un toque lo oblig\u00f3 a desertar"},"content":{"rendered":"\n<h2 class=\"wp-block-heading\"><strong>Ignacio Procacitto estaba para ser protagonista pero diferentes incidentes y uno en particular, arruinaron su final en Rosario<\/strong><\/h2>\n\n\n\n<!--more-->\n\n\n\n<p>Siendo local en Rosario, Ignacio Procacitto represent\u00f3 a Las Rosas de gran forma en el Turismo Nacional Clase 2 una vez m\u00e1s, aunque sin poder terminar por un toque que no le dej\u00f3 sumar puntos importantes en esta octava fecha de la Clase 2.<\/p>\n\n\n\n<p>En entrenamientos, fue d\u00e9cimo y luego tercero en cada una de las tandas, y las opciones de buscar un buen lugar en clasificaci\u00f3n estaban latentes. Una mala vuelta el viernes no le dej\u00f3 estar tan adelante, y el s\u00e1bado por la ma\u00f1ana, mejor\u00f3 para ser 13\u00ba.<\/p>\n\n\n\n<p>Comenzando quinto en la primera serie, el rosense supo avanzar para llegar cuarto, y analizando ese peque\u00f1o progreso, la idea era poder hacerlo y de mejor forma en la final. Tras una gran largada, las esperanzas de una gran competencia se diluyeron por varios toques recibidos y con poca fortuna, no solamente por perder algunas ubicaciones, sino porque tambi\u00e9n le rompieron una llanta. Tras una detenci\u00f3n en boxes, se intent\u00f3 solucionar pero al volver a la pista no se pudo hacer mucho m\u00e1s, y termin\u00f3 sin poder ver el final de la prueba.<\/p>\n\n\n\n<p>\u201cEn la final no se dio nada a favor nuestro, quedamos apretados en el curv\u00f3n a pesar de tener una buena largada. Ah\u00ed perdimos rendimiento en la recta. Despu\u00e9s me apretaron y me dejaron en un mal radio para hacer la curva dos, y se empez\u00f3 a hacer el l\u00edo. Tratamos de esquivar algunos golpes, pero tuvimos varias maniobras donde se empezaron a pegar y me dieron, rompi\u00e9ndome una llanta\u201d, explic\u00f3 \u2018Nachi\u2019 Procacitto.<\/p>\n\n\n\n<p>Y por otro lado manifest\u00f3: \u201cEstoy contento por la vuelta del p\u00fablico y ver la tribuna llena fue espectacular, y esperemos que se pueda seguir manteniendo esto y que la gente est\u00e9 cerca nuestro, porque nos gusta y nos hace sentir bien. Agradezco a todo mi equipo y esperamos seguir trabajando con todo el equipo y seguir en buen nivel en la pr\u00f3xima\u201d.<\/p>\n\n\n\n<p>La pr\u00f3xima competencia ser\u00e1 el fin de semana del 19 de septiembre, en escenario a definir.<\/p>\n\n\n\n<figure class=\"wp-block-image size-full\"><img fetchpriority=\"high\" decoding=\"async\" width=\"800\" height=\"332\" src=\"https:\/\/ignacioprocacitto.com.ar\/sitio\/wp-content\/uploads\/2021\/07\/FONDO-PROCA.jpg\" alt=\"\" class=\"wp-image-3031\" srcset=\"https:\/\/ignacioprocacitto.com.ar\/sitio\/wp-content\/uploads\/2021\/07\/FONDO-PROCA.jpg 800w, https:\/\/ignacioprocacitto.com.ar\/sitio\/wp-content\/uploads\/2021\/07\/FONDO-PROCA-300x125.jpg 300w, https:\/\/ignacioprocacitto.com.ar\/sitio\/wp-content\/uploads\/2021\/07\/FONDO-PROCA-768x319.jpg 768w\" sizes=\"(max-width: 800px) 100vw, 800px\" \/><\/figure>\n","protected":false},"excerpt":{"rendered":"<p>Ignacio Procacitto estaba para ser protagonista pero diferentes incidentes y uno en particular, arruinaron su final en Rosario<\/p>\n","protected":false},"author":1,"featured_media":0,"comment_status":"open","ping_status":"closed","sticky":false,"template":"","format":"standard","meta":{"footnotes":""},"categories":[3],"tags":[],"class_list":["post-3110","post","type-post","status-publish","format-standard","hentry","category-novedades"],"_links":{"self":[{"href":"https:\/\/ignacioprocacitto.com.ar\/sitio\/wp-json\/wp\/v2\/posts\/3110","targetHints":{"allow":["GET"]}}],"collection":[{"href":"https:\/\/ignacioprocacitto.com.ar\/sitio\/wp-json\/wp\/v2\/posts"}],"about":[{"href":"https:\/\/ignacioprocacitto.com.ar\/sitio\/wp-json\/wp\/v2\/types\/post"}],"author":[{"embeddable":true,"href":"https:\/\/ignacioprocacitto.com.ar\/sitio\/wp-json\/wp\/v2\/users\/1"}],"replies":[{"embeddable":true,"href":"https:\/\/ignacioprocacitto.com.ar\/sitio\/wp-json\/wp\/v2\/comments?post=3110"}],"version-history":[{"count":2,"href":"https:\/\/ignacioprocacitto.com.ar\/sitio\/wp-json\/wp\/v2\/posts\/3110\/revisions"}],"predecessor-version":[{"id":3113,"href":"https:\/\/ignacioprocacitto.com.ar\/sitio\/wp-json\/wp\/v2\/posts\/3110\/revisions\/3113"}],"wp:attachment":[{"href":"https:\/\/ignacioprocacitto.com.ar\/sitio\/wp-json\/wp\/v2\/media?parent=3110"}],"wp:term":[{"taxonomy":"category","embeddable":true,"href":"https:\/\/ignacioprocacitto.com.ar\/sitio\/wp-json\/wp\/v2\/categories?post=3110"},{"taxonomy":"post_tag","embeddable":true,"href":"https:\/\/ignacioprocacitto.com.ar\/sitio\/wp-json\/wp\/v2\/tags?post=3110"}],"curies":[{"name":"wp","href":"https:\/\/api.w.org\/{rel}","templated":true}]}}