{"id":3115,"date":"2021-09-13T22:13:27","date_gmt":"2021-09-14T01:13:27","guid":{"rendered":"https:\/\/ignacioprocacitto.com.ar\/sitio\/?p=3115"},"modified":"2021-09-13T22:13:28","modified_gmt":"2021-09-14T01:13:28","slug":"ignacio-procacitto-busca-dar-un-gran-golpe","status":"publish","type":"post","link":"https:\/\/ignacioprocacitto.com.ar\/sitio\/2021\/09\/13\/ignacio-procacitto-busca-dar-un-gran-golpe\/","title":{"rendered":"Ignacio Procacitto busca dar un gran golpe"},"content":{"rendered":"\n<h2 class=\"wp-block-heading\"><strong>Alta Gracia recibir\u00e1 al Turismo Nacional y el rosense tiene esperanza en ser protagonista en un circuito que ya conoce<\/strong><\/h2>\n\n\n\n<!--more-->\n\n\n\n<figure class=\"wp-block-image size-large\"><img fetchpriority=\"high\" decoding=\"async\" width=\"1024\" height=\"683\" src=\"https:\/\/ignacioprocacitto.com.ar\/sitio\/wp-content\/uploads\/2021\/08\/Ignacio-Procacitto-32-1024x683.jpeg\" alt=\"\" class=\"wp-image-3105\" srcset=\"https:\/\/ignacioprocacitto.com.ar\/sitio\/wp-content\/uploads\/2021\/08\/Ignacio-Procacitto-32-1024x683.jpeg 1024w, https:\/\/ignacioprocacitto.com.ar\/sitio\/wp-content\/uploads\/2021\/08\/Ignacio-Procacitto-32-300x200.jpeg 300w, https:\/\/ignacioprocacitto.com.ar\/sitio\/wp-content\/uploads\/2021\/08\/Ignacio-Procacitto-32-768x512.jpeg 768w, https:\/\/ignacioprocacitto.com.ar\/sitio\/wp-content\/uploads\/2021\/08\/Ignacio-Procacitto-32.jpeg 1280w\" sizes=\"(max-width: 1024px) 100vw, 1024px\" \/><\/figure>\n\n\n\n<p>Este fin de semana arranca el \u00faltimo tercio de campeonato para el Turismo Nacional, con Ignacio Procacitto buscando reencontrarse con los primeros planos en la Clase 2. Alta Gracia ser\u00e1 sede de la novena fecha, escenario que el representante de Las Rosas recorri\u00f3 muchas veces con la F\u00f3rmula y en un par de oportunidades con el TN.<\/p>\n\n\n\n<p>Luego de una cita en Rosario donde las cosas no se cerraron del modo esperado, el equipo redobl\u00f3 esfuerzos, se repas\u00f3 todo el Volkswagen Gol Trend y los hermanos Luis y Mario Riva pusieron todo su empe\u00f1o para seguir teniendo un motor excelente que permita luchar de igual a igual con los mejores contrincantes.<\/p>\n\n\n\n<p>\u201cEst\u00e1 encaminado el trabajo para ir al Cabal\u00e9n este fin de semana, estamos terminando con algunos trabajos. El de Alta Gracia es un circuito que conocemos bastante, y con el Turismo Nacional corrimos en 2015 y 2016, adem\u00e1s de la \u00e9poca de la F\u00f3rmula\u201d, asegur\u00f3 \u2018Nachi\u2019 Procacitto.<\/p>\n\n\n\n<p>Y agreg\u00f3: \u201cVeremos c\u00f3mo nos cae Alta Gracia con el Gol Trend, esperemos que bien porque es un circuito con partes r\u00e1pidas pero tambi\u00e9n tiene sus sectores lentos y debemos ver c\u00f3mo funciona nuestro auto en esas variantes\u201d.<\/p>\n\n\n\n<figure class=\"wp-block-image size-large\"><img decoding=\"async\" width=\"1024\" height=\"682\" src=\"https:\/\/ignacioprocacitto.com.ar\/sitio\/wp-content\/uploads\/2021\/08\/Ignacio-Procacitto-6-1024x682.jpeg\" alt=\"\" class=\"wp-image-3079\" srcset=\"https:\/\/ignacioprocacitto.com.ar\/sitio\/wp-content\/uploads\/2021\/08\/Ignacio-Procacitto-6-1024x682.jpeg 1024w, https:\/\/ignacioprocacitto.com.ar\/sitio\/wp-content\/uploads\/2021\/08\/Ignacio-Procacitto-6-300x200.jpeg 300w, https:\/\/ignacioprocacitto.com.ar\/sitio\/wp-content\/uploads\/2021\/08\/Ignacio-Procacitto-6-768x512.jpeg 768w, https:\/\/ignacioprocacitto.com.ar\/sitio\/wp-content\/uploads\/2021\/08\/Ignacio-Procacitto-6.jpeg 1280w\" sizes=\"(max-width: 1024px) 100vw, 1024px\" \/><\/figure>\n\n\n\n<p>El viernes arrancar\u00e1 la actividad con dos entrenamientos y la primera clasificaci\u00f3n, el s\u00e1bado ser\u00e1 la segunda y definitoria sesi\u00f3n clasificatoria y luego las tres series. El domingo, la final iniciar\u00e1 a las 12.30, a 16 vueltas.<\/p>\n\n\n\n<figure class=\"wp-block-image size-full\"><img decoding=\"async\" width=\"800\" height=\"332\" src=\"https:\/\/ignacioprocacitto.com.ar\/sitio\/wp-content\/uploads\/2021\/07\/FONDO-PROCA.jpg\" alt=\"\" class=\"wp-image-3031\" srcset=\"https:\/\/ignacioprocacitto.com.ar\/sitio\/wp-content\/uploads\/2021\/07\/FONDO-PROCA.jpg 800w, https:\/\/ignacioprocacitto.com.ar\/sitio\/wp-content\/uploads\/2021\/07\/FONDO-PROCA-300x125.jpg 300w, https:\/\/ignacioprocacitto.com.ar\/sitio\/wp-content\/uploads\/2021\/07\/FONDO-PROCA-768x319.jpg 768w\" sizes=\"(max-width: 800px) 100vw, 800px\" \/><\/figure>\n","protected":false},"excerpt":{"rendered":"<p>Alta Gracia recibir\u00e1 al Turismo Nacional y el rosense tiene esperanza en ser protagonista en un circuito que ya conoce<\/p>\n","protected":false},"author":1,"featured_media":3076,"comment_status":"open","ping_status":"closed","sticky":false,"template":"","format":"standard","meta":{"footnotes":""},"categories":[3],"tags":[],"class_list":["post-3115","post","type-post","status-publish","format-standard","has-post-thumbnail","hentry","category-novedades"],"_links":{"self":[{"href":"https:\/\/ignacioprocacitto.com.ar\/sitio\/wp-json\/wp\/v2\/posts\/3115","targetHints":{"allow":["GET"]}}],"collection":[{"href":"https:\/\/ignacioprocacitto.com.ar\/sitio\/wp-json\/wp\/v2\/posts"}],"about":[{"href":"https:\/\/ignacioprocacitto.com.ar\/sitio\/wp-json\/wp\/v2\/types\/post"}],"author":[{"embeddable":true,"href":"https:\/\/ignacioprocacitto.com.ar\/sitio\/wp-json\/wp\/v2\/users\/1"}],"replies":[{"embeddable":true,"href":"https:\/\/ignacioprocacitto.com.ar\/sitio\/wp-json\/wp\/v2\/comments?post=3115"}],"version-history":[{"count":1,"href":"https:\/\/ignacioprocacitto.com.ar\/sitio\/wp-json\/wp\/v2\/posts\/3115\/revisions"}],"predecessor-version":[{"id":3116,"href":"https:\/\/ignacioprocacitto.com.ar\/sitio\/wp-json\/wp\/v2\/posts\/3115\/revisions\/3116"}],"wp:featuredmedia":[{"embeddable":true,"href":"https:\/\/ignacioprocacitto.com.ar\/sitio\/wp-json\/wp\/v2\/media\/3076"}],"wp:attachment":[{"href":"https:\/\/ignacioprocacitto.com.ar\/sitio\/wp-json\/wp\/v2\/media?parent=3115"}],"wp:term":[{"taxonomy":"category","embeddable":true,"href":"https:\/\/ignacioprocacitto.com.ar\/sitio\/wp-json\/wp\/v2\/categories?post=3115"},{"taxonomy":"post_tag","embeddable":true,"href":"https:\/\/ignacioprocacitto.com.ar\/sitio\/wp-json\/wp\/v2\/tags?post=3115"}],"curies":[{"name":"wp","href":"https:\/\/api.w.org\/{rel}","templated":true}]}}