{"id":3117,"date":"2021-09-19T23:20:07","date_gmt":"2021-09-20T02:20:07","guid":{"rendered":"https:\/\/ignacioprocacitto.com.ar\/sitio\/?p=3117"},"modified":"2021-09-19T23:20:08","modified_gmt":"2021-09-20T02:20:08","slug":"un-funcionamiento-superlativo-sin-suerte-a-su-lado","status":"publish","type":"post","link":"https:\/\/ignacioprocacitto.com.ar\/sitio\/2021\/09\/19\/un-funcionamiento-superlativo-sin-suerte-a-su-lado\/","title":{"rendered":"Un funcionamiento superlativo, sin suerte a su lado"},"content":{"rendered":"\n<h2 class=\"wp-block-heading\"><strong>Ignacio Procacitto demostr\u00f3 que tiene equipo para ganar en la Clase 2, pero en la serie se truncaron todas las chances en Alta Gracia<\/strong><\/h2>\n\n\n\n<!--more-->\n\n\n\n<p>Ignacio Procacitto tuvo uno de sus fines de semana de mayor contundencia a la hora de salir a pista, pero no lo pudo capitalizar del todo en la novena fecha del Turismo Nacional Clase 2, en Alta Gracia. El rosense clasific\u00f3 segundo pero cuando punteaba la serie, se rompi\u00f3 la palanca de velocidades y all\u00ed se fueron todas las chances de volver al podio.<\/p>\n\n\n\n<p>Desde el viernes, \u2018Nachi\u2019 ten\u00eda auto como para buscar la pole position. Se escap\u00f3 por muy poco, sin redondear la vuelta perfecta, y de esa manera al d\u00eda siguiente se fue a buscar algo mejor. No se pudo tener el mejor tiempo de clasificaci\u00f3n pero si la primera posici\u00f3n de partida en la segunda serie. Largando adelante, cuando hab\u00eda hecho diferencia producto de una estupenda partida, la palanca de cambios ser rompi\u00f3 y abandon\u00f3.<\/p>\n\n\n\n<p>La final se hizo cuesta arriba, tras mucho esfuerzo del equipo, se sali\u00f3 desde el fondo y si bien pasaron momentos poco agraciados como dos reparaciones en boxes, Procacitto pudo llegar 18\u00ba cosechando algunas unidades.<\/p>\n\n\n\n<p>\u201cNuestro fin de semana fue positivo, en cada salida a pista est\u00e1bamos adelante y se demostr\u00f3 en las dos clasificaciones quedando con el segundo puesto, muy firmes. Largamos primeros la serie y muy bien, y no tenemos nada que reprocharnos porque la rotura de la palanca de cambios fue algo totalmente inesperado\u201d, asegur\u00f3 el volante de Las Rosas sobre todo lo sucedido antes de la carrera dominical.<\/p>\n\n\n\n<p>Y complet\u00f3: \u201cEn la final desde atr\u00e1s es complicado. Tuve una falla el\u00e9ctrica y luego tras una vibraci\u00f3n entr\u00e9 dos veces a boxes. Con todos los abandonos que hubo pudimos rescatar algunos puntitos que es bueno y ahora debemos seguir trabajando porque tenemos una buena herramienta para luchar adelante\u201d.<\/p>\n\n\n\n<p>La pr\u00f3xima fecha ser\u00e1 el fin de semana del 17 de agosto en Trelew, Chubut.<\/p>\n","protected":false},"excerpt":{"rendered":"<p>Ignacio Procacitto demostr\u00f3 que tiene equipo para ganar en la Clase 2, pero en la serie se truncaron todas las chances en Alta Gracia<\/p>\n","protected":false},"author":1,"featured_media":0,"comment_status":"open","ping_status":"closed","sticky":false,"template":"","format":"standard","meta":{"footnotes":""},"categories":[3],"tags":[],"class_list":["post-3117","post","type-post","status-publish","format-standard","hentry","category-novedades"],"_links":{"self":[{"href":"https:\/\/ignacioprocacitto.com.ar\/sitio\/wp-json\/wp\/v2\/posts\/3117","targetHints":{"allow":["GET"]}}],"collection":[{"href":"https:\/\/ignacioprocacitto.com.ar\/sitio\/wp-json\/wp\/v2\/posts"}],"about":[{"href":"https:\/\/ignacioprocacitto.com.ar\/sitio\/wp-json\/wp\/v2\/types\/post"}],"author":[{"embeddable":true,"href":"https:\/\/ignacioprocacitto.com.ar\/sitio\/wp-json\/wp\/v2\/users\/1"}],"replies":[{"embeddable":true,"href":"https:\/\/ignacioprocacitto.com.ar\/sitio\/wp-json\/wp\/v2\/comments?post=3117"}],"version-history":[{"count":1,"href":"https:\/\/ignacioprocacitto.com.ar\/sitio\/wp-json\/wp\/v2\/posts\/3117\/revisions"}],"predecessor-version":[{"id":3119,"href":"https:\/\/ignacioprocacitto.com.ar\/sitio\/wp-json\/wp\/v2\/posts\/3117\/revisions\/3119"}],"wp:attachment":[{"href":"https:\/\/ignacioprocacitto.com.ar\/sitio\/wp-json\/wp\/v2\/media?parent=3117"}],"wp:term":[{"taxonomy":"category","embeddable":true,"href":"https:\/\/ignacioprocacitto.com.ar\/sitio\/wp-json\/wp\/v2\/categories?post=3117"},{"taxonomy":"post_tag","embeddable":true,"href":"https:\/\/ignacioprocacitto.com.ar\/sitio\/wp-json\/wp\/v2\/tags?post=3117"}],"curies":[{"name":"wp","href":"https:\/\/api.w.org\/{rel}","templated":true}]}}