{"id":3159,"date":"2021-10-12T20:50:52","date_gmt":"2021-10-12T23:50:52","guid":{"rendered":"https:\/\/ignacioprocacitto.com.ar\/sitio\/?p=3159"},"modified":"2021-10-12T20:50:53","modified_gmt":"2021-10-12T23:50:53","slug":"ignacio-procacitto-por-primera-vez-en-trelew","status":"publish","type":"post","link":"https:\/\/ignacioprocacitto.com.ar\/sitio\/2021\/10\/12\/ignacio-procacitto-por-primera-vez-en-trelew\/","title":{"rendered":"Ignacio Procacitto, por primera vez en Trelew"},"content":{"rendered":"\n<h2 class=\"wp-block-heading\"><strong>El rosense tendr\u00e1 el gran desaf\u00edo de correr en un circuito desconocido, pero a su vez buscando protagonismo<\/strong><\/h2>\n\n\n\n<!--more-->\n\n\n\n<p>El Turismo Nacional vuelve al ruedo este fin de semana, en la Provincia de Chubut, donde Ignacio Procacitto saldr\u00e1 a afrontar la d\u00e9cima fecha del campeonato argentino de Clase 2. El representante de Las Rosas y su estructura familiar estar\u00e1n presentes en Trelew, y querr\u00e1n destacarse una vez m\u00e1s a pesar de ser un circuito que no conocen.<\/p>\n\n\n\n<p>Luego de la fecha de Alta Gracia, \u2018Nachi\u2019 Procacitto recibi\u00f3 la confirmaci\u00f3n de un cambio reglamentario para los Volkswagen Gol Trend, donde se les resta prestaciones en el motor con una brida m\u00e1s chica. Luego de repasar el auto en el taller, se llev\u00f3 al banco de rodillos el auto y se comprob\u00f3 ese menor rendimiento, pero de todas formas intentar\u00e1n dar el m\u00e1ximo y ser protagonistas.<\/p>\n\n\n\n<p>\u201cYa tenemos todo listo para viajar a Trelew. Pasamos por el rolo para medir la potencia y notamos una merma con el nuevo cambio reglamentario sobre los motores de los Volkswagen Gol Trend, as\u00ed que veremos d\u00f3nde quedaremos parados respecto de los dem\u00e1s\u201d, manifest\u00f3 Procacitto.<\/p>\n\n\n\n<p>Y por otro lado, habl\u00f3 de lo que ser\u00e1 correr en la ciudad chubutense: \u201cTrelew ser\u00e1 un circuito nuevo para nosotros pero por lo que pude ver y analizar, va a ser bastante r\u00e1pido y tendremos las certezas en el mismo aut\u00f3dromo. Al ser un viaje tan largo, el equipo empezar\u00e1 a moverse en la noche del martes para estar a tiempo e instalarse en el circuito\u201d.<\/p>\n\n\n\n<p>El viernes ser\u00e1n los dos entrenamientos y la primera clasificaci\u00f3n, mientras que el s\u00e1bado se llevar\u00e1 a cabo la segunda y definitoria prueba clasificatoria. Las series ser\u00e1n por la tarde sabatina, y el domingo, la gran final al mediod\u00eda.<\/p>\n","protected":false},"excerpt":{"rendered":"<p>El rosense tendr\u00e1 el gran desaf\u00edo de correr en un circuito desconocido, pero a su vez buscando protagonismo<\/p>\n","protected":false},"author":1,"featured_media":3145,"comment_status":"open","ping_status":"closed","sticky":false,"template":"","format":"standard","meta":{"footnotes":""},"categories":[3],"tags":[],"class_list":["post-3159","post","type-post","status-publish","format-standard","has-post-thumbnail","hentry","category-novedades"],"_links":{"self":[{"href":"https:\/\/ignacioprocacitto.com.ar\/sitio\/wp-json\/wp\/v2\/posts\/3159","targetHints":{"allow":["GET"]}}],"collection":[{"href":"https:\/\/ignacioprocacitto.com.ar\/sitio\/wp-json\/wp\/v2\/posts"}],"about":[{"href":"https:\/\/ignacioprocacitto.com.ar\/sitio\/wp-json\/wp\/v2\/types\/post"}],"author":[{"embeddable":true,"href":"https:\/\/ignacioprocacitto.com.ar\/sitio\/wp-json\/wp\/v2\/users\/1"}],"replies":[{"embeddable":true,"href":"https:\/\/ignacioprocacitto.com.ar\/sitio\/wp-json\/wp\/v2\/comments?post=3159"}],"version-history":[{"count":1,"href":"https:\/\/ignacioprocacitto.com.ar\/sitio\/wp-json\/wp\/v2\/posts\/3159\/revisions"}],"predecessor-version":[{"id":3160,"href":"https:\/\/ignacioprocacitto.com.ar\/sitio\/wp-json\/wp\/v2\/posts\/3159\/revisions\/3160"}],"wp:featuredmedia":[{"embeddable":true,"href":"https:\/\/ignacioprocacitto.com.ar\/sitio\/wp-json\/wp\/v2\/media\/3145"}],"wp:attachment":[{"href":"https:\/\/ignacioprocacitto.com.ar\/sitio\/wp-json\/wp\/v2\/media?parent=3159"}],"wp:term":[{"taxonomy":"category","embeddable":true,"href":"https:\/\/ignacioprocacitto.com.ar\/sitio\/wp-json\/wp\/v2\/categories?post=3159"},{"taxonomy":"post_tag","embeddable":true,"href":"https:\/\/ignacioprocacitto.com.ar\/sitio\/wp-json\/wp\/v2\/tags?post=3159"}],"curies":[{"name":"wp","href":"https:\/\/api.w.org\/{rel}","templated":true}]}}