{"id":3161,"date":"2021-10-17T17:18:18","date_gmt":"2021-10-17T20:18:18","guid":{"rendered":"https:\/\/ignacioprocacitto.com.ar\/sitio\/?p=3161"},"modified":"2021-10-17T17:18:19","modified_gmt":"2021-10-17T20:18:19","slug":"solido-podio-de-ignacio-procacitto","status":"publish","type":"post","link":"https:\/\/ignacioprocacitto.com.ar\/sitio\/2021\/10\/17\/solido-podio-de-ignacio-procacitto\/","title":{"rendered":"S\u00f3lido podio de Ignacio Procacitto"},"content":{"rendered":"\n<h2 class=\"wp-block-heading\">El piloto de Las Rosas gan\u00f3 su serie y luego fue protagonista de la final en Trelew, por la d\u00e9cima fecha de la Clase 2<\/h2>\n\n\n\n<!--more-->\n\n\n\n<p>El Turismo Nacional Clase 2 tuvo un gran espect\u00e1culo en Trelew, Chubut, donde el rosense Ignacio Procacitto fue protagonista durante todo el fin de semana. Clasificando entre los mejores, el s\u00e1bado gan\u00f3 su serie y el domingo termin\u00f3 como escolta de una atrapante final.<\/p>\n\n\n\n<p>Clasificando quinto, el viernes se vio competitivo pero el s\u00e1bado esperaba poder avanzar a\u00fan m\u00e1s. Si bien all\u00ed se dio m\u00e1s bien lo contrario, cayendo s\u00e9ptimo en la general, en la serie arrancar\u00eda la consumaci\u00f3n de un fin de semana estupendo. Saltando a la punta desde los primeros metros, \u2018Nachi\u2019 Procacitto gan\u00f3 la serie de tal forma que fue la m\u00e1s veloz y obtuvo la pole position para la final.<\/p>\n\n\n\n<p>Largando muy bien, el de Las Rosas lider\u00f3 el extenso pelot\u00f3n de 36 m\u00e1quinas pero la victoria no fue posible, penando en los curvones respecto del Ford Fiesta de Emanuel Abdala, quien se llevar\u00eda la conquista. No obstante, Procacitto se defendi\u00f3 muy bien en las rectas y se la luch\u00f3 hasta el final. Complet\u00f3 la carrera en el segundo puesto, en lo que es otro podio en la categor\u00eda y ahora se ubica nuevamente en el Top 10 del a\u00f1o, que de cerrarlo as\u00ed ser\u00eda algo muy bueno con la falta de fortuna que hubo en varias participaciones.<\/p>\n\n\n\n<p>\u201cEstamos contentos con el gran fin de semana que tuvimos en esta fecha del TN en Trelew, pudimos ganar la serie m\u00e1s r\u00e1pido y largar adelante la final. Eso quiere decir que mejoramos los trabajos que hicimos de cara al ritmo. Redondeamos el fin de semana siendo segundos, sabiendo las deficiencias que tenemos doblando respecto de las otras marcas, sobretodo los Ford. Quedamos muy contentos por el potencial que tuvimos en lo derecho y lograr este podio es muy meritorio para todos nosotros\u201d, asegur\u00f3 Procacitto.<\/p>\n\n\n\n<figure class=\"wp-block-image size-large\"><img fetchpriority=\"high\" decoding=\"async\" width=\"1024\" height=\"668\" src=\"https:\/\/ignacioprocacitto.com.ar\/sitio\/wp-content\/uploads\/2021\/10\/Ignacio-Procacitto-30-1024x668.jpg\" alt=\"\" class=\"wp-image-3162\" srcset=\"https:\/\/ignacioprocacitto.com.ar\/sitio\/wp-content\/uploads\/2021\/10\/Ignacio-Procacitto-30-1024x668.jpg 1024w, https:\/\/ignacioprocacitto.com.ar\/sitio\/wp-content\/uploads\/2021\/10\/Ignacio-Procacitto-30-300x196.jpg 300w, https:\/\/ignacioprocacitto.com.ar\/sitio\/wp-content\/uploads\/2021\/10\/Ignacio-Procacitto-30-768x501.jpg 768w, https:\/\/ignacioprocacitto.com.ar\/sitio\/wp-content\/uploads\/2021\/10\/Ignacio-Procacitto-30-1536x1002.jpg 1536w, https:\/\/ignacioprocacitto.com.ar\/sitio\/wp-content\/uploads\/2021\/10\/Ignacio-Procacitto-30.jpg 1811w\" sizes=\"(max-width: 1024px) 100vw, 1024px\" \/><\/figure>\n\n\n\n<p>La pr\u00f3xima fecha ser\u00e1 el fin de semana del 21 de noviembre en Toay, La Pampa.<\/p>\n","protected":false},"excerpt":{"rendered":"<p>El piloto de Las Rosas gan\u00f3 su serie y luego fue protagonista de la final en Trelew, por la d\u00e9cima fecha de la Clase 2<\/p>\n","protected":false},"author":1,"featured_media":3163,"comment_status":"open","ping_status":"closed","sticky":false,"template":"","format":"standard","meta":{"footnotes":""},"categories":[3],"tags":[],"class_list":["post-3161","post","type-post","status-publish","format-standard","has-post-thumbnail","hentry","category-novedades"],"_links":{"self":[{"href":"https:\/\/ignacioprocacitto.com.ar\/sitio\/wp-json\/wp\/v2\/posts\/3161","targetHints":{"allow":["GET"]}}],"collection":[{"href":"https:\/\/ignacioprocacitto.com.ar\/sitio\/wp-json\/wp\/v2\/posts"}],"about":[{"href":"https:\/\/ignacioprocacitto.com.ar\/sitio\/wp-json\/wp\/v2\/types\/post"}],"author":[{"embeddable":true,"href":"https:\/\/ignacioprocacitto.com.ar\/sitio\/wp-json\/wp\/v2\/users\/1"}],"replies":[{"embeddable":true,"href":"https:\/\/ignacioprocacitto.com.ar\/sitio\/wp-json\/wp\/v2\/comments?post=3161"}],"version-history":[{"count":1,"href":"https:\/\/ignacioprocacitto.com.ar\/sitio\/wp-json\/wp\/v2\/posts\/3161\/revisions"}],"predecessor-version":[{"id":3164,"href":"https:\/\/ignacioprocacitto.com.ar\/sitio\/wp-json\/wp\/v2\/posts\/3161\/revisions\/3164"}],"wp:featuredmedia":[{"embeddable":true,"href":"https:\/\/ignacioprocacitto.com.ar\/sitio\/wp-json\/wp\/v2\/media\/3163"}],"wp:attachment":[{"href":"https:\/\/ignacioprocacitto.com.ar\/sitio\/wp-json\/wp\/v2\/media?parent=3161"}],"wp:term":[{"taxonomy":"category","embeddable":true,"href":"https:\/\/ignacioprocacitto.com.ar\/sitio\/wp-json\/wp\/v2\/categories?post=3161"},{"taxonomy":"post_tag","embeddable":true,"href":"https:\/\/ignacioprocacitto.com.ar\/sitio\/wp-json\/wp\/v2\/tags?post=3161"}],"curies":[{"name":"wp","href":"https:\/\/api.w.org\/{rel}","templated":true}]}}