{"id":3205,"date":"2021-11-18T16:52:01","date_gmt":"2021-11-18T19:52:01","guid":{"rendered":"https:\/\/ignacioprocacitto.com.ar\/sitio\/?p=3205"},"modified":"2021-11-18T16:52:03","modified_gmt":"2021-11-18T19:52:03","slug":"firme-hacia-toay-con-un-auto-rendidor","status":"publish","type":"post","link":"https:\/\/ignacioprocacitto.com.ar\/sitio\/2021\/11\/18\/firme-hacia-toay-con-un-auto-rendidor\/","title":{"rendered":"Firme hacia Toay, con un auto rendidor"},"content":{"rendered":"\n<h2 class=\"wp-block-heading\"><strong>Ignacio Procacitto conf\u00eda en la base que le dio el podio en Trelew, en un escenario de similares caracter\u00edsticas en esta und\u00e9cima fecha<\/strong><\/h2>\n\n\n\n<!--more-->\n\n\n\n<p>El Turismo Nacional llega a La Pampa, donde Ignacio Procacitto afrontar\u00e1 la pen\u00faltima fecha del calendario 2021 de Clase 2. Con su estructura propia, desde Las Rosas, el equipo est\u00e1 listo para empezar a rodar en Toay, y todos conf\u00edan en el nivel que se tuvo en circuitos r\u00e1pidos como el de esta oportunidad.<\/p>\n\n\n\n<p>Luego de hacer podio en Trelew, peleando por el triunfo, Procacitto sabe que puede aspirar a algo similar y por qu\u00e9 no so\u00f1ar con la victoria que estuvo muy cerca en este 2021, y que adem\u00e1s es importante y necesaria para ser campe\u00f3n. Matem\u00e1ticamente, las chances est\u00e1n latentes y un gran resultado puede dejarlo como candidato en la cita final, en San Juan.<\/p>\n\n\n\n<p>\u201cVamos con la misma base de Trelew pr\u00e1cticamente, y luego del repaso de rutina no hicimos casi ning\u00fan cambio. Vamos a una pista como la de Toay, que tiene curvones m\u00e1s r\u00e1pidos que Trelew pero hay caracter\u00edsticas similares. A\u00fan tenemos chances en el campeonato y con un buen funcionamiento trataremos de llegar con chances a la \u00faltima. Creemos que podemos volver a cumplir un buen papel este fin de semana en la Clase 2\u201d, afirm\u00f3 \u2018Nachi\u2019 Procacitto, quien hizo podio en Chubut, y quiere hacerlo nuevamente en La Pampa.<\/p>\n\n\n\n<p>La actividad comprender\u00e1 de tres d\u00edas como es habitual, con entrenamientos el viernes (11 a 12.10 y 14 a 15.10) y la primera clasificaci\u00f3n (17 a 17.50). El s\u00e1bado ser\u00e1 la clasificaci\u00f3n complementaria (11 a 11.40) y las tres series (14.10, 14.35 y 15.15), que dejar\u00e1n ordenada la grilla de partida para el domingo a las 13, a 20 vueltas o un m\u00e1ximo de 35 minutos, con televisaci\u00f3n de la TV P\u00fablica Argentina en directo.<\/p>\n","protected":false},"excerpt":{"rendered":"<p>Ignacio Procacitto conf\u00eda en la base que le dio el podio en Trelew, en un escenario de similares caracter\u00edsticas en esta und\u00e9cima fecha<\/p>\n","protected":false},"author":1,"featured_media":3188,"comment_status":"open","ping_status":"closed","sticky":false,"template":"","format":"standard","meta":{"footnotes":""},"categories":[3],"tags":[],"class_list":["post-3205","post","type-post","status-publish","format-standard","has-post-thumbnail","hentry","category-novedades"],"_links":{"self":[{"href":"https:\/\/ignacioprocacitto.com.ar\/sitio\/wp-json\/wp\/v2\/posts\/3205","targetHints":{"allow":["GET"]}}],"collection":[{"href":"https:\/\/ignacioprocacitto.com.ar\/sitio\/wp-json\/wp\/v2\/posts"}],"about":[{"href":"https:\/\/ignacioprocacitto.com.ar\/sitio\/wp-json\/wp\/v2\/types\/post"}],"author":[{"embeddable":true,"href":"https:\/\/ignacioprocacitto.com.ar\/sitio\/wp-json\/wp\/v2\/users\/1"}],"replies":[{"embeddable":true,"href":"https:\/\/ignacioprocacitto.com.ar\/sitio\/wp-json\/wp\/v2\/comments?post=3205"}],"version-history":[{"count":1,"href":"https:\/\/ignacioprocacitto.com.ar\/sitio\/wp-json\/wp\/v2\/posts\/3205\/revisions"}],"predecessor-version":[{"id":3206,"href":"https:\/\/ignacioprocacitto.com.ar\/sitio\/wp-json\/wp\/v2\/posts\/3205\/revisions\/3206"}],"wp:featuredmedia":[{"embeddable":true,"href":"https:\/\/ignacioprocacitto.com.ar\/sitio\/wp-json\/wp\/v2\/media\/3188"}],"wp:attachment":[{"href":"https:\/\/ignacioprocacitto.com.ar\/sitio\/wp-json\/wp\/v2\/media?parent=3205"}],"wp:term":[{"taxonomy":"category","embeddable":true,"href":"https:\/\/ignacioprocacitto.com.ar\/sitio\/wp-json\/wp\/v2\/categories?post=3205"},{"taxonomy":"post_tag","embeddable":true,"href":"https:\/\/ignacioprocacitto.com.ar\/sitio\/wp-json\/wp\/v2\/tags?post=3205"}],"curies":[{"name":"wp","href":"https:\/\/api.w.org\/{rel}","templated":true}]}}