{"id":3207,"date":"2021-11-22T16:04:21","date_gmt":"2021-11-22T19:04:21","guid":{"rendered":"https:\/\/ignacioprocacitto.com.ar\/sitio\/?p=3207"},"modified":"2021-11-22T16:04:22","modified_gmt":"2021-11-22T19:04:22","slug":"sumo-y-subio-en-la-tabla","status":"publish","type":"post","link":"https:\/\/ignacioprocacitto.com.ar\/sitio\/2021\/11\/22\/sumo-y-subio-en-la-tabla\/","title":{"rendered":"Sum\u00f3 y subi\u00f3 en la tabla"},"content":{"rendered":"\n<h2 class=\"wp-block-heading\"><strong>Ignacio Procacitto tuvo un fin de semana complicado, pero lo sac\u00f3 adelante y termin\u00f3 8\u00ba en Toay, por la und\u00e9cima fecha<\/strong><\/h2>\n\n\n\n<!--more-->\n\n\n\n<p>En un fin de semana con mucha tarea dentro del box, Ignacio Procacitto pudo finalizar octavo en una fecha extenuante en Toay, La Pampa. Ese resultado lo subi\u00f3 al sexto puesto del certamen a falta de una carrera, y a\u00fan puede subir un par de lugares m\u00e1s.<\/p>\n\n\n\n<p>Teniendo inconvenientes con p\u00e9rdidas de aceite, tanto el viernes como el s\u00e1bado fueron d\u00edas perdidos en lo que tiene que ver al funcionamiento, mientras que a la par se trabaj\u00f3 en el \u2018power-shift\u2019 de la selectora de marchas, porque corr\u00eda riesgo de romperse. Todo el Procacitto Racing trabaj\u00f3 a destajo para tener un domingo competitivo, sabiendo que con lastre, el Gol no iba a poder ser tan veloz como en Trelew.<\/p>\n\n\n\n<p>En la serie, comenzando 13\u00ba, Procacitto estuvo en el lugar indicado y cuando vio huecos, meti\u00f3 el Volkswagen n\u00famero 14 para ganar posiciones. Adem\u00e1s, en el final un incidente m\u00faltiple lo benefici\u00f3, porque pudo esquivar y terminar tercero, algo que lo reacomod\u00f3 y le cambi\u00f3 el panorama, tanto deportivo como an\u00edmico.<\/p>\n\n\n\n<p>La final, tras una partida bastante buena, lo vio a \u2018Nachi\u2019 luchar y defenderse hasta donde le daba el auto, pero as\u00ed y todo finaliz\u00f3 octavo, teniendo buena confiabilidad en un circuito que se cobr\u00f3 varios autos y motores da\u00f1ados. Esos puntos lo dejaron sexto en el certamen con una carrera por disputarse.<\/p>\n\n\n\n<p>\u201cPudimos sacar adelante un fin de semana complicado, con viernes y s\u00e1bado sin poder clasificar. Avanzamos en la serie largando \u00faltimos y nos posicion\u00f3 bien en la final. En la carrera tuvimos una buena largada y despu\u00e9s penamos con los veinte kilos de lastre y los cambios reglamentarios de este a\u00f1o que le mermaron rendimiento al Gol Trend. No pod\u00edamos seguir a los punteros\u201d, explic\u00f3 Ignacio.<\/p>\n\n\n\n<p>Y agreg\u00f3: \u201cEl trabajo de los hermanos Riva en los motores ha hecho que frente a esas circunstancias, tengamos un funcionamiento que nos permite seguir sumando buenos puntos. Agradezco a Gonzalo Ceballos y a los chicos, Fabi\u00e1n y Pancho porque se pusieron la diez este fin de semana trabajando bastante solos. Gracias a mi familia y a todos los auspiciantes por este presente que nos tiene sextos en la tabla\u201d.<\/p>\n\n\n\n<p>El cierre de campeonato ser\u00e1 en el Circuito San Juan Villicum, en Albard\u00f3n, el fin de semana del 12 de diciembre.<\/p>\n","protected":false},"excerpt":{"rendered":"<p>Ignacio Procacitto tuvo un fin de semana complicado, pero lo sac\u00f3 adelante y termin\u00f3 8\u00ba en Toay, por la und\u00e9cima fecha<\/p>\n","protected":false},"author":1,"featured_media":3208,"comment_status":"open","ping_status":"closed","sticky":false,"template":"","format":"standard","meta":{"footnotes":""},"categories":[3],"tags":[],"class_list":["post-3207","post","type-post","status-publish","format-standard","has-post-thumbnail","hentry","category-novedades"],"_links":{"self":[{"href":"https:\/\/ignacioprocacitto.com.ar\/sitio\/wp-json\/wp\/v2\/posts\/3207","targetHints":{"allow":["GET"]}}],"collection":[{"href":"https:\/\/ignacioprocacitto.com.ar\/sitio\/wp-json\/wp\/v2\/posts"}],"about":[{"href":"https:\/\/ignacioprocacitto.com.ar\/sitio\/wp-json\/wp\/v2\/types\/post"}],"author":[{"embeddable":true,"href":"https:\/\/ignacioprocacitto.com.ar\/sitio\/wp-json\/wp\/v2\/users\/1"}],"replies":[{"embeddable":true,"href":"https:\/\/ignacioprocacitto.com.ar\/sitio\/wp-json\/wp\/v2\/comments?post=3207"}],"version-history":[{"count":1,"href":"https:\/\/ignacioprocacitto.com.ar\/sitio\/wp-json\/wp\/v2\/posts\/3207\/revisions"}],"predecessor-version":[{"id":3209,"href":"https:\/\/ignacioprocacitto.com.ar\/sitio\/wp-json\/wp\/v2\/posts\/3207\/revisions\/3209"}],"wp:featuredmedia":[{"embeddable":true,"href":"https:\/\/ignacioprocacitto.com.ar\/sitio\/wp-json\/wp\/v2\/media\/3208"}],"wp:attachment":[{"href":"https:\/\/ignacioprocacitto.com.ar\/sitio\/wp-json\/wp\/v2\/media?parent=3207"}],"wp:term":[{"taxonomy":"category","embeddable":true,"href":"https:\/\/ignacioprocacitto.com.ar\/sitio\/wp-json\/wp\/v2\/categories?post=3207"},{"taxonomy":"post_tag","embeddable":true,"href":"https:\/\/ignacioprocacitto.com.ar\/sitio\/wp-json\/wp\/v2\/tags?post=3207"}],"curies":[{"name":"wp","href":"https:\/\/api.w.org\/{rel}","templated":true}]}}