{"id":3219,"date":"2021-12-07T17:26:15","date_gmt":"2021-12-07T20:26:15","guid":{"rendered":"https:\/\/ignacioprocacitto.com.ar\/sitio\/?p=3219"},"modified":"2021-12-07T17:28:27","modified_gmt":"2021-12-07T20:28:27","slug":"ignacio-procacitto-a-cerrar-su-mejor-ano","status":"publish","type":"post","link":"https:\/\/ignacioprocacitto.com.ar\/sitio\/2021\/12\/07\/ignacio-procacitto-a-cerrar-su-mejor-ano\/","title":{"rendered":"Ignacio Procacitto cerrar\u00e1 su mejor a\u00f1o"},"content":{"rendered":"\n<h2 class=\"wp-block-heading\">El rosense progres\u00f3 notablemente en 2021, y buscar\u00e1 otra gran actuaci\u00f3n en El Villicum de San Juan<\/h2>\n\n\n\n<!--more-->\n\n\n\n<p>La temporada 2021 de Turismo Nacional finaliza para Ignacio Procacitto, con m\u00e1s situaciones positivas que negativas, luchando de igual a igual contra los grandes equipos, siempre con su base en Las Rosas. Adem\u00e1s, est\u00e1 en juego el puesto final del certamen, donde incluso puede llegar a concluir subcampe\u00f3n.<\/p>\n\n\n\n<p>El equipo ya est\u00e1 finalizando detalles previos a partir hacia la provincia de San Juan, donde el campeonato se cerrar\u00e1 luego de doce pruebas apasionantes. Procacitto, tuvo chances de t\u00edtulo hasta la cita anterior, y ahora ir\u00e1 por el n\u00famero m\u00e1s bajo posible. Matem\u00e1ticamente puede llegar hasta ser segundo, aunque manteniendo el sexto lugar actual ya ser\u00eda fant\u00e1stico.<\/p>\n\n\n\n<p>\u201cVenimos bien con las labores en el Volkswagen Gol Trend, pensando en arrancar el viaje el mi\u00e9rcoles por la noche. Queremos terminar el a\u00f1o entre los primeros del campeonato si es posible, para afrontar el 2022 de la mejor manera\u201d, declar\u00f3 \u2018Nachi\u2019 Procacitto, quien tendr\u00e1 como a lo largo de todo el a\u00f1o a Gonzalo Ceballos en la direcci\u00f3n t\u00e9cnica del chasis y los motores de los hermanos Riva. Y complet\u00f3: \u201cVamos con buenas expectativas porque en San Juan no anduvimos mal en las dos competencias, llegando entre los diez primeros en ambas. Iremos con el auto puesto a punto de manera similar a lo de esa fecha\u201d.<\/p>\n\n\n\n<p>El viernes iniciar\u00e1 la actividad en pista con entrenamientos oficiales, para realizar la primera clasificaci\u00f3n por la tarde. El s\u00e1bado, a la ma\u00f1ana ser\u00e1 la segunda clasificaci\u00f3n, y pasado el mediod\u00eda se llevar\u00e1n a cabo las series. El domingo, al mediod\u00eda ser\u00e1 la final.<\/p>\n","protected":false},"excerpt":{"rendered":"<p>El rosense progres\u00f3 notablemente en 2021, y buscar\u00e1 otra gran actuaci\u00f3n en El Villicum de San Juan<\/p>\n","protected":false},"author":1,"featured_media":3212,"comment_status":"open","ping_status":"closed","sticky":false,"template":"","format":"standard","meta":{"footnotes":""},"categories":[3],"tags":[],"class_list":["post-3219","post","type-post","status-publish","format-standard","has-post-thumbnail","hentry","category-novedades"],"_links":{"self":[{"href":"https:\/\/ignacioprocacitto.com.ar\/sitio\/wp-json\/wp\/v2\/posts\/3219","targetHints":{"allow":["GET"]}}],"collection":[{"href":"https:\/\/ignacioprocacitto.com.ar\/sitio\/wp-json\/wp\/v2\/posts"}],"about":[{"href":"https:\/\/ignacioprocacitto.com.ar\/sitio\/wp-json\/wp\/v2\/types\/post"}],"author":[{"embeddable":true,"href":"https:\/\/ignacioprocacitto.com.ar\/sitio\/wp-json\/wp\/v2\/users\/1"}],"replies":[{"embeddable":true,"href":"https:\/\/ignacioprocacitto.com.ar\/sitio\/wp-json\/wp\/v2\/comments?post=3219"}],"version-history":[{"count":2,"href":"https:\/\/ignacioprocacitto.com.ar\/sitio\/wp-json\/wp\/v2\/posts\/3219\/revisions"}],"predecessor-version":[{"id":3221,"href":"https:\/\/ignacioprocacitto.com.ar\/sitio\/wp-json\/wp\/v2\/posts\/3219\/revisions\/3221"}],"wp:featuredmedia":[{"embeddable":true,"href":"https:\/\/ignacioprocacitto.com.ar\/sitio\/wp-json\/wp\/v2\/media\/3212"}],"wp:attachment":[{"href":"https:\/\/ignacioprocacitto.com.ar\/sitio\/wp-json\/wp\/v2\/media?parent=3219"}],"wp:term":[{"taxonomy":"category","embeddable":true,"href":"https:\/\/ignacioprocacitto.com.ar\/sitio\/wp-json\/wp\/v2\/categories?post=3219"},{"taxonomy":"post_tag","embeddable":true,"href":"https:\/\/ignacioprocacitto.com.ar\/sitio\/wp-json\/wp\/v2\/tags?post=3219"}],"curies":[{"name":"wp","href":"https:\/\/api.w.org\/{rel}","templated":true}]}}