{"id":3223,"date":"2021-12-13T12:44:07","date_gmt":"2021-12-13T15:44:07","guid":{"rendered":"https:\/\/ignacioprocacitto.com.ar\/sitio\/?p=3223"},"modified":"2022-02-22T12:08:15","modified_gmt":"2022-02-22T15:08:15","slug":"ignacio-procacitto-pintara-el-6","status":"publish","type":"post","link":"https:\/\/ignacioprocacitto.com.ar\/sitio\/2021\/12\/13\/ignacio-procacitto-pintara-el-6\/","title":{"rendered":"Ignacio Procacitto pintar\u00e1 el 6"},"content":{"rendered":"\n<h2 class=\"wp-block-heading\" id=\"el-rosense-cerro-una-gran-temporada-en-la-clase-2-tras-finalizar-10\u00ba-en-la-ultima-fecha-del-ano-en-el-villicum-de-san-juan\">El rosense cerr\u00f3 una gran temporada en la Clase 2, tras finalizar 10\u00ba en la \u00faltima fecha del a\u00f1o, en El Villicum de San Juan<\/h2>\n\n\n\n<!--more-->\n\n\n\n<p>El Turismo Nacional cerr\u00f3 su temporada con un Ignacio Procacitto finalizando entre los mejores de la Clase 2. El piloto de Las Rosas termin\u00f3 en sexto lugar el campeonato, tras sumar buenos puntos en la \u00faltima fecha, donde fue 10\u00ba en el Circuito San Juan Villicum, en Albard\u00f3n.<\/p>\n\n\n\n<p>Luego de un viernes que arranc\u00f3 complicado el viernes, se trabaj\u00f3 muy bien y en la primera clasificaci\u00f3n qued\u00f3 12\u00ba. El s\u00e1bado, en la clasificaci\u00f3n general finaliz\u00f3 16\u00ba, y sali\u00f3 a remontar en la serie. La bater\u00eda sali\u00f3 muy bien, porque el Volkswagen Gol tuvo un rendimiento acorde a las exigencias de un circuito que no era muy favorable a la marca. Fue 5\u00ba en la serie y fue por m\u00e1s a la final.<\/p>\n\n\n\n<p>Partiendo entre los quince primeros, Procacitto sali\u00f3 al ataque y r\u00e1pidamente pudo ganar varios lugares, ubic\u00e1ndose entre los diez primeros. Algunos roces y maniobras apretadas no le dejaron seguir progresando, y finaliz\u00f3 10\u00ba. En el campeonato argentino de TN Clase 2, \u2018Nachi\u2019 Procacitto cerr\u00f3 el 2021 en el sexto puesto, siendo el mejor a\u00f1o hasta ahora del rosense en el automovilismo argentino.<\/p>\n\n\n\n<p>Tras la carrera, Procacitto coment\u00f3: \u201cCreo que ten\u00edamos auto para m\u00e1s, con buen ritmo pero la carrera fue friccionada. Quedamos sextos en el campeonato, pudo haber sido mejor pero de cara al 2022 tendremos que buscar regularidad y estar m\u00e1s firmes. El a\u00f1o fue muy bueno con tres series ganadas, dos podios y sextos en el a\u00f1o es espectacular\u201d.<\/p>\n\n\n\n<p>Y complet\u00f3: \u201cVamos a trabajar de aqu\u00ed en adelante con Cristian Galasso, y ahora en el receso nos vamos a poner de acuerdo en todo lo que hay que hacer en el auto. Buscamos optimizar todo lo que se nos escap\u00f3 este a\u00f1o para luchar el campeonato hasta la \u00faltima fecha, que es nuestro objetivo para el a\u00f1o que viene.<\/p>\n","protected":false},"excerpt":{"rendered":"<p>El rosense cerr\u00f3 una gran temporada en la Clase 2, tras finalizar 10\u00ba en la \u00faltima fecha del a\u00f1o, en El Villicum de San Juan<\/p>\n","protected":false},"author":1,"featured_media":3298,"comment_status":"open","ping_status":"closed","sticky":false,"template":"","format":"standard","meta":{"footnotes":""},"categories":[3],"tags":[],"class_list":["post-3223","post","type-post","status-publish","format-standard","has-post-thumbnail","hentry","category-novedades"],"_links":{"self":[{"href":"https:\/\/ignacioprocacitto.com.ar\/sitio\/wp-json\/wp\/v2\/posts\/3223","targetHints":{"allow":["GET"]}}],"collection":[{"href":"https:\/\/ignacioprocacitto.com.ar\/sitio\/wp-json\/wp\/v2\/posts"}],"about":[{"href":"https:\/\/ignacioprocacitto.com.ar\/sitio\/wp-json\/wp\/v2\/types\/post"}],"author":[{"embeddable":true,"href":"https:\/\/ignacioprocacitto.com.ar\/sitio\/wp-json\/wp\/v2\/users\/1"}],"replies":[{"embeddable":true,"href":"https:\/\/ignacioprocacitto.com.ar\/sitio\/wp-json\/wp\/v2\/comments?post=3223"}],"version-history":[{"count":2,"href":"https:\/\/ignacioprocacitto.com.ar\/sitio\/wp-json\/wp\/v2\/posts\/3223\/revisions"}],"predecessor-version":[{"id":3299,"href":"https:\/\/ignacioprocacitto.com.ar\/sitio\/wp-json\/wp\/v2\/posts\/3223\/revisions\/3299"}],"wp:featuredmedia":[{"embeddable":true,"href":"https:\/\/ignacioprocacitto.com.ar\/sitio\/wp-json\/wp\/v2\/media\/3298"}],"wp:attachment":[{"href":"https:\/\/ignacioprocacitto.com.ar\/sitio\/wp-json\/wp\/v2\/media?parent=3223"}],"wp:term":[{"taxonomy":"category","embeddable":true,"href":"https:\/\/ignacioprocacitto.com.ar\/sitio\/wp-json\/wp\/v2\/categories?post=3223"},{"taxonomy":"post_tag","embeddable":true,"href":"https:\/\/ignacioprocacitto.com.ar\/sitio\/wp-json\/wp\/v2\/tags?post=3223"}],"curies":[{"name":"wp","href":"https:\/\/api.w.org\/{rel}","templated":true}]}}