{"id":3293,"date":"2022-02-22T12:06:36","date_gmt":"2022-02-22T15:06:36","guid":{"rendered":"https:\/\/ignacioprocacitto.com.ar\/sitio\/?p=3293"},"modified":"2022-02-22T12:06:38","modified_gmt":"2022-02-22T15:06:38","slug":"ignacio-procacitto-arranca-una-nueva-ilusion","status":"publish","type":"post","link":"https:\/\/ignacioprocacitto.com.ar\/sitio\/2022\/02\/22\/ignacio-procacitto-arranca-una-nueva-ilusion\/","title":{"rendered":"Ignacio Procacitto arranca una nueva ilusi\u00f3n"},"content":{"rendered":"\n<h2 class=\"wp-block-heading\" id=\"el-rosense-buscara-pelear-el-campeonato-en-la-clase-2-desde-este-fin-de-semana-en-bahia-blanca\"><strong>El rosense buscar\u00e1 pelear el campeonato en la Clase 2, desde este fin de semana en Bah\u00eda Blanca<\/strong><\/h2>\n\n\n\n<!--more-->\n\n\n\n<figure class=\"wp-block-video\"><video height=\"480\" style=\"aspect-ratio: 480 \/ 480;\" width=\"480\" controls src=\"https:\/\/ignacioprocacitto.com.ar\/sitio\/wp-content\/uploads\/2022\/02\/Presentacion-2022.mp4\"><\/video><\/figure>\n\n\n\n<p>Ignacio Procacitto ya tiene todo preparado para arrancar el Campeonato Argentino de Turismo Nacional 2022, con su equipo en la Clase 2. Desde Las Rosas hacia todo el pa\u00eds, el primer desaf\u00edo ser\u00e1 en Bah\u00eda Blanca, al sur de la Provincia de Buenos Aires.<\/p>\n\n\n\n<p>Luego de un verano intenso, con Cristian Galasso a cargo del chasis, se hicieron diferentes trabajos de relevancia mientras que los hermanos Riva trabajaron en el motor del Volkswagen Gol Trend, que este a\u00f1o llevar\u00e1 el n\u00famero 6. Por estas horas, en las redes sociales del volante rosense se revel\u00f3 el nuevo dise\u00f1o del veh\u00edculo, manteniendo los colores que lo caracterizan.<\/p>\n\n\n\n<p>\u201cSe repas\u00f3 el auto a cero, se aren\u00f3 y se pint\u00f3 nuevo. Se hicieron todos los trabajos que pidi\u00f3 Cristian Galasso en suspensi\u00f3n y puesta a punto, todo lo que \u00e9l consider\u00f3 que deb\u00eda hacerse en el auto. Se trabajar\u00e1 hasta \u00faltimo momento para tener todo encaminado, gracias a un gran esfuerzo de todo el equipo. Se trat\u00f3 de acomodar y llegar de la mejor forma a la primera fecha. No s\u00e9 si estamos \u00f3ptimos pero estaremos buscando mejorar fecha a fecha y enfocarnos en el rendimiento\u201d, expres\u00f3 Procacitto, quien sabe que luego de un 2021 muy competitivo, puede aspirar al campeonato.<\/p>\n\n\n\n<figure class=\"wp-block-embed is-type-rich is-provider-twitter wp-block-embed-twitter\"><div class=\"wp-block-embed__wrapper\">\n<blockquote class=\"twitter-tweet\" data-width=\"500\" data-dnt=\"true\"><p lang=\"es\" dir=\"ltr\">\u00a1Presentamos el dise\u00f1o de nuestro Gol Trend para la temporada 2022 de Turismo Nacional! Muchas gracias a cada uno de los que forman parte de este proyecto, a todo el trabajo de mi equipo, a @beinarandesign por el dise\u00f1o\u2026 \u00a1Vamos por un gran a\u00f1o! <a href=\"https:\/\/twitter.com\/prensatn?ref_src=twsrc%5Etfw\">@prensatn<\/a> <a href=\"https:\/\/t.co\/dReY29Rfoz\">pic.twitter.com\/dReY29Rfoz<\/a><\/p>&mdash; Ignacio Procacitto (@IProcacitto) <a href=\"https:\/\/twitter.com\/IProcacitto\/status\/1495897028907442179?ref_src=twsrc%5Etfw\">February 21, 2022<\/a><\/blockquote><script async src=\"https:\/\/platform.twitter.com\/widgets.js\" charset=\"utf-8\"><\/script>\n<\/div><\/figure>\n\n\n\n<p>La actividad oficial ser\u00e1 entre viernes y domingo, con dos entrenamientos el viernes y una primera clasificaci\u00f3n. El s\u00e1bado ser\u00e1 la segunda y definitiva, para tener las series en la tarde. El domingo, como es habitual al mediod\u00eda, ser\u00e1 la final con televisaci\u00f3n en directo por TV P\u00fablica.<\/p>\n","protected":false},"excerpt":{"rendered":"<p>El rosense buscar\u00e1 pelear el campeonato en la Clase 2, desde este fin de semana en Bah\u00eda Blanca<\/p>\n","protected":false},"author":1,"featured_media":3294,"comment_status":"open","ping_status":"closed","sticky":false,"template":"","format":"standard","meta":{"footnotes":""},"categories":[3],"tags":[],"class_list":["post-3293","post","type-post","status-publish","format-standard","has-post-thumbnail","hentry","category-novedades"],"_links":{"self":[{"href":"https:\/\/ignacioprocacitto.com.ar\/sitio\/wp-json\/wp\/v2\/posts\/3293","targetHints":{"allow":["GET"]}}],"collection":[{"href":"https:\/\/ignacioprocacitto.com.ar\/sitio\/wp-json\/wp\/v2\/posts"}],"about":[{"href":"https:\/\/ignacioprocacitto.com.ar\/sitio\/wp-json\/wp\/v2\/types\/post"}],"author":[{"embeddable":true,"href":"https:\/\/ignacioprocacitto.com.ar\/sitio\/wp-json\/wp\/v2\/users\/1"}],"replies":[{"embeddable":true,"href":"https:\/\/ignacioprocacitto.com.ar\/sitio\/wp-json\/wp\/v2\/comments?post=3293"}],"version-history":[{"count":2,"href":"https:\/\/ignacioprocacitto.com.ar\/sitio\/wp-json\/wp\/v2\/posts\/3293\/revisions"}],"predecessor-version":[{"id":3297,"href":"https:\/\/ignacioprocacitto.com.ar\/sitio\/wp-json\/wp\/v2\/posts\/3293\/revisions\/3297"}],"wp:featuredmedia":[{"embeddable":true,"href":"https:\/\/ignacioprocacitto.com.ar\/sitio\/wp-json\/wp\/v2\/media\/3294"}],"wp:attachment":[{"href":"https:\/\/ignacioprocacitto.com.ar\/sitio\/wp-json\/wp\/v2\/media?parent=3293"}],"wp:term":[{"taxonomy":"category","embeddable":true,"href":"https:\/\/ignacioprocacitto.com.ar\/sitio\/wp-json\/wp\/v2\/categories?post=3293"},{"taxonomy":"post_tag","embeddable":true,"href":"https:\/\/ignacioprocacitto.com.ar\/sitio\/wp-json\/wp\/v2\/tags?post=3293"}],"curies":[{"name":"wp","href":"https:\/\/api.w.org\/{rel}","templated":true}]}}