{"id":3302,"date":"2022-03-13T23:56:31","date_gmt":"2022-03-14T02:56:31","guid":{"rendered":"https:\/\/ignacioprocacitto.com.ar\/sitio\/?p=3302"},"modified":"2022-03-14T00:02:31","modified_gmt":"2022-03-14T03:02:31","slug":"una-buena-prueba-y-a-empezar-en-parana","status":"publish","type":"post","link":"https:\/\/ignacioprocacitto.com.ar\/sitio\/2022\/03\/13\/una-buena-prueba-y-a-empezar-en-parana\/","title":{"rendered":"Una buena prueba y a empezar en Paran\u00e1"},"content":{"rendered":"\n<p><strong>Ignacio Procacitto llega con todo afinado para este fin de semana correr en la segunda fecha de la Clase 2 del TN<\/strong><\/p>\n\n\n\n<!--more-->\n\n\n\n<p>Tras quedarse a pie para la primera fecha, Ignacio Procacitto ya tiene todo acomodado para empezar la temporada 2022 de Turismo Nacional en la segunda fecha, este fin de semana en Paran\u00e1. Con el Volkswagen Gol de Clase 2, probaron el viernes en el trazado entrerriano, de cara a lo que ser\u00e1 competir por la fecha dos.<\/p>\n\n\n\n<p>La p\u00e9rdida de puntos de Bah\u00eda Blanca hizo que en el Procacitto Racing se preparen de lleno, y con una buena prueba realizada se espera que el auto est\u00e9 al nivel que se tuvo en 2021, cuando se lograron excelentes resultados, con poles y series ganadas, que le valieron el n\u00famero 6 para este a\u00f1o.<\/p>\n\n\n\n<p>\u201cNos fue bien en el ensayo, hicimos varios cambios con Cristian Galasso, nos estamos conociendo entre nosotros y en c\u00f3mo trabajar en el auto. La pista no estaba en las mejores condiciones por las lluvias de los d\u00edas anteriores, as\u00ed que las referencias no son relevantes, y adem\u00e1s estuvimos con motor de pruebas. El Gol Trend funcion\u00f3 bastante l\u00f3gico y nos da balance positivo, aunque tendremos que medirnos con el resto en carrera\u201d, manifest\u00f3 Procacitto.<\/p>\n","protected":false},"excerpt":{"rendered":"<p>Ignacio Procacitto llega con todo afinado para este fin de semana correr en la segunda fecha de la Clase 2 del TN<\/p>\n","protected":false},"author":1,"featured_media":3303,"comment_status":"open","ping_status":"closed","sticky":false,"template":"","format":"standard","meta":{"footnotes":""},"categories":[3],"tags":[],"class_list":["post-3302","post","type-post","status-publish","format-standard","has-post-thumbnail","hentry","category-novedades"],"_links":{"self":[{"href":"https:\/\/ignacioprocacitto.com.ar\/sitio\/wp-json\/wp\/v2\/posts\/3302","targetHints":{"allow":["GET"]}}],"collection":[{"href":"https:\/\/ignacioprocacitto.com.ar\/sitio\/wp-json\/wp\/v2\/posts"}],"about":[{"href":"https:\/\/ignacioprocacitto.com.ar\/sitio\/wp-json\/wp\/v2\/types\/post"}],"author":[{"embeddable":true,"href":"https:\/\/ignacioprocacitto.com.ar\/sitio\/wp-json\/wp\/v2\/users\/1"}],"replies":[{"embeddable":true,"href":"https:\/\/ignacioprocacitto.com.ar\/sitio\/wp-json\/wp\/v2\/comments?post=3302"}],"version-history":[{"count":2,"href":"https:\/\/ignacioprocacitto.com.ar\/sitio\/wp-json\/wp\/v2\/posts\/3302\/revisions"}],"predecessor-version":[{"id":3306,"href":"https:\/\/ignacioprocacitto.com.ar\/sitio\/wp-json\/wp\/v2\/posts\/3302\/revisions\/3306"}],"wp:featuredmedia":[{"embeddable":true,"href":"https:\/\/ignacioprocacitto.com.ar\/sitio\/wp-json\/wp\/v2\/media\/3303"}],"wp:attachment":[{"href":"https:\/\/ignacioprocacitto.com.ar\/sitio\/wp-json\/wp\/v2\/media?parent=3302"}],"wp:term":[{"taxonomy":"category","embeddable":true,"href":"https:\/\/ignacioprocacitto.com.ar\/sitio\/wp-json\/wp\/v2\/categories?post=3302"},{"taxonomy":"post_tag","embeddable":true,"href":"https:\/\/ignacioprocacitto.com.ar\/sitio\/wp-json\/wp\/v2\/tags?post=3302"}],"curies":[{"name":"wp","href":"https:\/\/api.w.org\/{rel}","templated":true}]}}