{"id":3307,"date":"2022-03-21T06:46:38","date_gmt":"2022-03-21T09:46:38","guid":{"rendered":"https:\/\/ignacioprocacitto.com.ar\/sitio\/?p=3307"},"modified":"2022-03-21T07:00:36","modified_gmt":"2022-03-21T10:00:36","slug":"volvio-con-podio-incluido","status":"publish","type":"post","link":"https:\/\/ignacioprocacitto.com.ar\/sitio\/2022\/03\/21\/volvio-con-podio-incluido\/","title":{"rendered":"Volvi\u00f3 con podio incluido"},"content":{"rendered":"\n<h2 class=\"wp-block-heading\"><strong>Ignacio Procacitto fue 3\u00ba en Paran\u00e1, en una accidentada final de Turismo Nacional Clase 2<\/strong><\/h2>\n\n\n\n<!--more-->\n\n\n\n<p>El rosense Ignacio Procacitto hizo podio en su retorno a la actividad, en la segunda fecha del Turismo Nacional Clase 2. En una carrera de alto contenido dram\u00e1tico, con un accidente m\u00faltiple que asust\u00f3 a todos en la largada, el desarrollo de la carrera pudo ser normal luego de ese momento y el Volkswagen Gol Trend n\u00famero 6 se llev\u00f3 el tercer puesto final.<\/p>\n\n\n\n<p>Entre viernes y s\u00e1bado, el equipo que dirige t\u00e9cnicamente Cristian Galasso trabaj\u00f3 en detalles finos del auto para encontrar el mejor equilibrio posible. Clasificando en el puesto 15\u00ba, el panorama era dif\u00edcil para buscar un podio, pero no imposible. Por la tarde sabatina, en la serie, Procacitto tuvo un arranque fant\u00e1stico y pas\u00f3 al segundo puesto, lugar que lo ilusion\u00f3 con ir por el podio.<\/p>\n\n\n\n<p>Pero la final fue muy dura; al comienzo, el poleman Renzo Blotta se qued\u00f3 y \u2018Nachi\u2019 lo esquiv\u00f3 por mil\u00edmetros, pero lamentablemente hubo muchos autos que no pudieron evitar el desastre y chocaron en cadena, obligando a la bandera roja. Afortunadamente no hubo lesiones considerables, y luego de una hora de limpieza del sector, se volvi\u00f3 a largar. Ah\u00ed fue Procacitto el que atac\u00f3 de movida, y peleando siempre entre los cinco primeros, trat\u00f3 de seguir a los l\u00edderes. Si bien no tuvo el ritmo, supo defenderse y luego del quedo de dos rivales que marchaban adelante, accedi\u00f3 al tercer escal\u00f3n del podio, y de alg\u00fan modo dej\u00f3 satisfacci\u00f3n, pero tambi\u00e9n la obligaci\u00f3n de seguir trabajando para mejorar.<\/p>\n\n\n\n<p>\u201cEn la primera largada pudimos esquivar a Renzo Blotta, luego se pegaron muchos autos ah\u00ed pero pudimos seguir en carrera. Pudimos aguantar en una carrera muy extenuante porque el auto no me permit\u00eda ser r\u00e1pido y cada vez que lo quer\u00eda ser, comet\u00eda errores. Me tom\u00e9 todas las precauciones con un ritmo que no era el de los punteros. Aguantamos y nos llevamos el tercer puesto\u201d, afirm\u00f3 Procacitto desde el podio.<\/p>\n\n\n\n<p>Y complet\u00f3: \u201cNos vamos reconfortados de Paran\u00e1, pero nos vamos con mucho trabajo por delante porque no tenemos a\u00fan el auto para pelear la punta. Estoy agradecido a todo el equipo, a los sponsors, y a cada uno de los que aporta su granito de arena. No somos una estructura profesional y ante cada problema los solucionamos a nuestra manera, y todos trabajan un mont\u00f3n\u201d.<\/p>\n\n\n\n<figure class=\"wp-block-image size-large\"><img fetchpriority=\"high\" decoding=\"async\" width=\"1024\" height=\"683\" src=\"https:\/\/ignacioprocacitto.com.ar\/sitio\/wp-content\/uploads\/2022\/03\/3-Procacitto-Domingo-3-1024x683.jpeg\" alt=\"\" class=\"wp-image-3311\" srcset=\"https:\/\/ignacioprocacitto.com.ar\/sitio\/wp-content\/uploads\/2022\/03\/3-Procacitto-Domingo-3-1024x683.jpeg 1024w, https:\/\/ignacioprocacitto.com.ar\/sitio\/wp-content\/uploads\/2022\/03\/3-Procacitto-Domingo-3-300x200.jpeg 300w, https:\/\/ignacioprocacitto.com.ar\/sitio\/wp-content\/uploads\/2022\/03\/3-Procacitto-Domingo-3-768x512.jpeg 768w, https:\/\/ignacioprocacitto.com.ar\/sitio\/wp-content\/uploads\/2022\/03\/3-Procacitto-Domingo-3-1536x1024.jpeg 1536w, https:\/\/ignacioprocacitto.com.ar\/sitio\/wp-content\/uploads\/2022\/03\/3-Procacitto-Domingo-3.jpeg 1560w\" sizes=\"(max-width: 1024px) 100vw, 1024px\" \/><\/figure>\n\n\n\n<p>La pr\u00f3xima fecha ser\u00e1 el fin de semana del 24 de abril en Alta Gracia, C\u00f3rdoba.<\/p>\n","protected":false},"excerpt":{"rendered":"<p>Ignacio Procacitto fue 3\u00ba en Paran\u00e1, en una accidentada final de Turismo Nacional Clase 2<\/p>\n","protected":false},"author":1,"featured_media":3308,"comment_status":"open","ping_status":"closed","sticky":false,"template":"","format":"standard","meta":{"footnotes":""},"categories":[3],"tags":[],"class_list":["post-3307","post","type-post","status-publish","format-standard","has-post-thumbnail","hentry","category-novedades"],"_links":{"self":[{"href":"https:\/\/ignacioprocacitto.com.ar\/sitio\/wp-json\/wp\/v2\/posts\/3307","targetHints":{"allow":["GET"]}}],"collection":[{"href":"https:\/\/ignacioprocacitto.com.ar\/sitio\/wp-json\/wp\/v2\/posts"}],"about":[{"href":"https:\/\/ignacioprocacitto.com.ar\/sitio\/wp-json\/wp\/v2\/types\/post"}],"author":[{"embeddable":true,"href":"https:\/\/ignacioprocacitto.com.ar\/sitio\/wp-json\/wp\/v2\/users\/1"}],"replies":[{"embeddable":true,"href":"https:\/\/ignacioprocacitto.com.ar\/sitio\/wp-json\/wp\/v2\/comments?post=3307"}],"version-history":[{"count":2,"href":"https:\/\/ignacioprocacitto.com.ar\/sitio\/wp-json\/wp\/v2\/posts\/3307\/revisions"}],"predecessor-version":[{"id":3312,"href":"https:\/\/ignacioprocacitto.com.ar\/sitio\/wp-json\/wp\/v2\/posts\/3307\/revisions\/3312"}],"wp:featuredmedia":[{"embeddable":true,"href":"https:\/\/ignacioprocacitto.com.ar\/sitio\/wp-json\/wp\/v2\/media\/3308"}],"wp:attachment":[{"href":"https:\/\/ignacioprocacitto.com.ar\/sitio\/wp-json\/wp\/v2\/media?parent=3307"}],"wp:term":[{"taxonomy":"category","embeddable":true,"href":"https:\/\/ignacioprocacitto.com.ar\/sitio\/wp-json\/wp\/v2\/categories?post=3307"},{"taxonomy":"post_tag","embeddable":true,"href":"https:\/\/ignacioprocacitto.com.ar\/sitio\/wp-json\/wp\/v2\/tags?post=3307"}],"curies":[{"name":"wp","href":"https:\/\/api.w.org\/{rel}","templated":true}]}}