{"id":3340,"date":"2022-04-19T16:56:03","date_gmt":"2022-04-19T19:56:03","guid":{"rendered":"https:\/\/ignacioprocacitto.com.ar\/sitio\/?p=3340"},"modified":"2022-04-19T17:02:15","modified_gmt":"2022-04-19T20:02:15","slug":"ignacio-procacitto-va-por-mas-al-cabalen","status":"publish","type":"post","link":"https:\/\/ignacioprocacitto.com.ar\/sitio\/2022\/04\/19\/ignacio-procacitto-va-por-mas-al-cabalen\/","title":{"rendered":"Ignacio Procacitto va por m\u00e1s al Cabal\u00e9n"},"content":{"rendered":"\n<p><strong>Tras el podio en Paran\u00e1, el piloto de Las Rosas quiere ir por el triunfo en la tercera fecha de la Clase 2<\/strong><\/p>\n\n\n\n<!--more-->\n\n\n\n<p>El rosense Ignacio Procacitto disputar\u00e1 la tercera fecha del Turismo Nacional Clase 2, este fin de semana en el aut\u00f3dromo \u2018Oscar Cabal\u00e9n\u2019 de Alta Gracia, C\u00f3rdoba. Desde su etapa de categor\u00edas de F\u00f3rmula, que \u2018Nachi\u2019 compite en ese trazado y con el Volkswagen Gol de TN ha tenido grandes actuaciones, y espera que no sea la excepci\u00f3n.<\/p>\n\n\n\n<p>Con el podio marcado en Paran\u00e1, Procacitto recuper\u00f3 muchos puntos de los hipot\u00e9ticos que dej\u00f3 en Bah\u00eda Blanca por su ausencia. Pero sabe que para pelear el campeonato tiene que concretar una buena seguidilla de sumatorias contundentes, y sabe que en Alta Gracia puede ser una oportunidad imperdible.<\/p>\n\n\n\n<p>\u201cAlta Gracia es un circuito donde realmente tenemos mucha experiencia, sobre todo con los F\u00f3rmula, y el a\u00f1o pasado tuvimos un gran auto. No nos acompa\u00f1\u00f3 la fortuna en la temporada pasada, pero ahora esperamos funcionar muy bien. Sabemos que estamos para pelear adelante, lo demostramos en Paran\u00e1 y tenemos que tratar de sumar muchos puntos. Si se nos presenta la chance de ganar no la vamos a desaprovechar\u201d, manifest\u00f3 el rosense.<\/p>\n\n\n\n<p>La actividad se extender\u00e1 entre viernes y domingo como es habitual, con entrenamientos el viernes y la primera clasificaci\u00f3n, que en la ma\u00f1ana sabatina se complementar\u00e1 con la segunda tanda. En la tarde del s\u00e1bado se correr\u00e1n las series (televisadas por DeporTV), y la final ser\u00e1 el domingo a las 12.20, con transmisi\u00f3n en vivo por TV P\u00fablica.<\/p>\n","protected":false},"excerpt":{"rendered":"<p>Tras el podio en Paran\u00e1, el piloto de Las Rosas quiere ir por el triunfo en la tercera fecha de la Clase 2<\/p>\n","protected":false},"author":1,"featured_media":3324,"comment_status":"open","ping_status":"closed","sticky":false,"template":"","format":"standard","meta":{"footnotes":""},"categories":[3],"tags":[],"class_list":["post-3340","post","type-post","status-publish","format-standard","has-post-thumbnail","hentry","category-novedades"],"_links":{"self":[{"href":"https:\/\/ignacioprocacitto.com.ar\/sitio\/wp-json\/wp\/v2\/posts\/3340","targetHints":{"allow":["GET"]}}],"collection":[{"href":"https:\/\/ignacioprocacitto.com.ar\/sitio\/wp-json\/wp\/v2\/posts"}],"about":[{"href":"https:\/\/ignacioprocacitto.com.ar\/sitio\/wp-json\/wp\/v2\/types\/post"}],"author":[{"embeddable":true,"href":"https:\/\/ignacioprocacitto.com.ar\/sitio\/wp-json\/wp\/v2\/users\/1"}],"replies":[{"embeddable":true,"href":"https:\/\/ignacioprocacitto.com.ar\/sitio\/wp-json\/wp\/v2\/comments?post=3340"}],"version-history":[{"count":3,"href":"https:\/\/ignacioprocacitto.com.ar\/sitio\/wp-json\/wp\/v2\/posts\/3340\/revisions"}],"predecessor-version":[{"id":3343,"href":"https:\/\/ignacioprocacitto.com.ar\/sitio\/wp-json\/wp\/v2\/posts\/3340\/revisions\/3343"}],"wp:featuredmedia":[{"embeddable":true,"href":"https:\/\/ignacioprocacitto.com.ar\/sitio\/wp-json\/wp\/v2\/media\/3324"}],"wp:attachment":[{"href":"https:\/\/ignacioprocacitto.com.ar\/sitio\/wp-json\/wp\/v2\/media?parent=3340"}],"wp:term":[{"taxonomy":"category","embeddable":true,"href":"https:\/\/ignacioprocacitto.com.ar\/sitio\/wp-json\/wp\/v2\/categories?post=3340"},{"taxonomy":"post_tag","embeddable":true,"href":"https:\/\/ignacioprocacitto.com.ar\/sitio\/wp-json\/wp\/v2\/tags?post=3340"}],"curies":[{"name":"wp","href":"https:\/\/api.w.org\/{rel}","templated":true}]}}