{"id":3344,"date":"2022-04-25T12:10:17","date_gmt":"2022-04-25T15:10:17","guid":{"rendered":"https:\/\/ignacioprocacitto.com.ar\/sitio\/?p=3344"},"modified":"2022-04-25T12:10:31","modified_gmt":"2022-04-25T15:10:31","slug":"una-falla-los-quito-del-camino","status":"publish","type":"post","link":"https:\/\/ignacioprocacitto.com.ar\/sitio\/2022\/04\/25\/una-falla-los-quito-del-camino\/","title":{"rendered":"Una falla los quit\u00f3 del camino"},"content":{"rendered":"\n<h2 class=\"wp-block-heading\"><strong>Ignacio Procacitto y su equipo tuvieron un fin de semana adverso en Alta Gracia, luego de haber tenido rendimientos parciales destacados<\/strong><\/h2>\n\n\n\n<!--more-->\n\n\n\n<p>Ignacio Procacitto no pudo sumar fuerte como esperaba en Alta Gracia, porque a lo largo de la tercera fecha del Turismo Nacional Clase 2, pen\u00f3 con una falla y pr\u00e1cticamente no tom\u00f3 parte de la carrera final. El rosense hab\u00eda clasificado noveno, lleg\u00f3 a pelear la punta en la serie pero en la fricci\u00f3n perdi\u00f3 y qued\u00f3 quinto. Para la final, una falla lo dej\u00f3 a pie.<\/p>\n\n\n\n<p>La tercera fecha del TN, en el aut\u00f3dromo \u2018Oscar Cabal\u00e9n\u2019, tuvo a Procacitto metiendo el mejor tiempo personal el viernes en la primera clasificaci\u00f3n, ubic\u00e1ndose noveno. Eso le permiti\u00f3 el s\u00e1bado largar su serie entre los punteros, y al principio sac\u00f3 provecho, luch\u00f3 por la victoria y luego un roce lo dej\u00f3 quinto, pero con el potencial para esperar la final.<\/p>\n\n\n\n<p>Pero la carrera principal, el domingo, no pudo ser materializada en ning\u00fan momento por la aparici\u00f3n de una falla, que hizo poner mucho empe\u00f1o a los miembros del equipo, pero sin encontrar la soluci\u00f3n que permita correr y buscar puntos importantes. Se tuvo que desistir y esperar a la pr\u00f3xima carrera.<\/p>\n\n\n\n<p>\u201cEl fin de semana fue complicado con una falla en el motor. En la serie anduvimos bien al principio, terminamos quintos. Para la final, intentamos resolverlo con algunos cambios, y en la vuelta previa ya estaba agravada, sacamos y pusimos cosas, pero no pudimos arreglar el inconveniente. Estoy muy agradecido a todo el equipo por su esfuerzo y vamos a trabajar para estar donde merecemos en la carrera que viene, en La Rioja\u201d, expres\u00f3 \u2018Nachi\u2019 Procacitto.<\/p>\n\n\n\n<p>La pr\u00f3xima competencia ser\u00e1 en La Rioja, el fin de semana del 15 de mayo.<\/p>\n","protected":false},"excerpt":{"rendered":"<p>Ignacio Procacitto y su equipo tuvieron un fin de semana adverso en Alta Gracia, luego de haber tenido rendimientos parciales destacados<\/p>\n","protected":false},"author":1,"featured_media":3345,"comment_status":"open","ping_status":"closed","sticky":false,"template":"","format":"standard","meta":{"footnotes":""},"categories":[3],"tags":[],"class_list":["post-3344","post","type-post","status-publish","format-standard","has-post-thumbnail","hentry","category-novedades"],"_links":{"self":[{"href":"https:\/\/ignacioprocacitto.com.ar\/sitio\/wp-json\/wp\/v2\/posts\/3344","targetHints":{"allow":["GET"]}}],"collection":[{"href":"https:\/\/ignacioprocacitto.com.ar\/sitio\/wp-json\/wp\/v2\/posts"}],"about":[{"href":"https:\/\/ignacioprocacitto.com.ar\/sitio\/wp-json\/wp\/v2\/types\/post"}],"author":[{"embeddable":true,"href":"https:\/\/ignacioprocacitto.com.ar\/sitio\/wp-json\/wp\/v2\/users\/1"}],"replies":[{"embeddable":true,"href":"https:\/\/ignacioprocacitto.com.ar\/sitio\/wp-json\/wp\/v2\/comments?post=3344"}],"version-history":[{"count":1,"href":"https:\/\/ignacioprocacitto.com.ar\/sitio\/wp-json\/wp\/v2\/posts\/3344\/revisions"}],"predecessor-version":[{"id":3346,"href":"https:\/\/ignacioprocacitto.com.ar\/sitio\/wp-json\/wp\/v2\/posts\/3344\/revisions\/3346"}],"wp:featuredmedia":[{"embeddable":true,"href":"https:\/\/ignacioprocacitto.com.ar\/sitio\/wp-json\/wp\/v2\/media\/3345"}],"wp:attachment":[{"href":"https:\/\/ignacioprocacitto.com.ar\/sitio\/wp-json\/wp\/v2\/media?parent=3344"}],"wp:term":[{"taxonomy":"category","embeddable":true,"href":"https:\/\/ignacioprocacitto.com.ar\/sitio\/wp-json\/wp\/v2\/categories?post=3344"},{"taxonomy":"post_tag","embeddable":true,"href":"https:\/\/ignacioprocacitto.com.ar\/sitio\/wp-json\/wp\/v2\/tags?post=3344"}],"curies":[{"name":"wp","href":"https:\/\/api.w.org\/{rel}","templated":true}]}}