{"id":3367,"date":"2022-06-14T20:18:47","date_gmt":"2022-06-14T23:18:47","guid":{"rendered":"https:\/\/ignacioprocacitto.com.ar\/sitio\/?p=3367"},"modified":"2022-06-14T20:18:48","modified_gmt":"2022-06-14T23:18:48","slug":"ignacio-procacitto-retorna-en-neuquen%ef%bf%bc","status":"publish","type":"post","link":"https:\/\/ignacioprocacitto.com.ar\/sitio\/2022\/06\/14\/ignacio-procacitto-retorna-en-neuquen%ef%bf%bc\/","title":{"rendered":"Ignacio Procacitto retorna en Neuqu\u00e9n\ufffc"},"content":{"rendered":"\n<h2 class=\"wp-block-heading\"><strong>El rosense volver\u00e1 a la acci\u00f3n luego de grandes trabajos en el Volkswagen Gol Trend<\/strong><\/h2>\n\n\n\n<!--more-->\n\n\n\n<p>La quinta fecha del Turismo Nacional tendr\u00e1 a Ignacio Procacitto volviendo en la Clase 2, con el Volkswagen Gol Trend de equipo propio. El representante de Las Rosas y su grupo de trabajo hicieron m\u00faltiples labores para dejar el auto en las mejores condiciones posibles, tras una falla que complic\u00f3 el andar en la \u00faltima participaci\u00f3n.<\/p>\n\n\n\n<p>El Procacitto Racing no descansa en la b\u00fasqueda del primer triunfo en la Clase 2 del TN, y estando tan cerca en varias oportunidades entre el a\u00f1o pasado y las carreras del 2022, este retorno luego de ausentarse en La Rioja, tiene como meta buscar resultados destacados, que se reflejen con el empe\u00f1o y la pasi\u00f3n de luchar con una estructura familiar.<\/p>\n\n\n\n<p>\u201cVamos a ir a Neuqu\u00e9n a disputar la quinta fecha de la temporada. Trabajamos mucho para revertir la falla que tuvimos en Alta Gracia, y despu\u00e9s de analizar con la familia y el equipo decidimos estar presentes en Centenario. Trabajamos en instalaci\u00f3n el\u00e9ctrica, en combustible, en todo lo que se pudo, roleamos el auto y ahora veremos c\u00f3mo funciona\u201d, expres\u00f3 el rosense.<\/p>\n\n\n\n<p>La actividad en pista arrancar\u00e1 el viernes con dos entrenamientos y la primera clasificaci\u00f3n, para el s\u00e1bado volver a clasificar y ordenar las partidas de las series, que se correr\u00e1n ese mismo d\u00eda por la tarde. El domingo, al mediod\u00eda, ser\u00e1 la final con televisaci\u00f3n por la TV P\u00fablica.<\/p>\n","protected":false},"excerpt":{"rendered":"<p>El rosense volver\u00e1 a la acci\u00f3n luego de grandes trabajos en el Volkswagen Gol Trend<\/p>\n","protected":false},"author":1,"featured_media":3356,"comment_status":"open","ping_status":"closed","sticky":false,"template":"","format":"standard","meta":{"footnotes":""},"categories":[3],"tags":[],"class_list":["post-3367","post","type-post","status-publish","format-standard","has-post-thumbnail","hentry","category-novedades"],"_links":{"self":[{"href":"https:\/\/ignacioprocacitto.com.ar\/sitio\/wp-json\/wp\/v2\/posts\/3367","targetHints":{"allow":["GET"]}}],"collection":[{"href":"https:\/\/ignacioprocacitto.com.ar\/sitio\/wp-json\/wp\/v2\/posts"}],"about":[{"href":"https:\/\/ignacioprocacitto.com.ar\/sitio\/wp-json\/wp\/v2\/types\/post"}],"author":[{"embeddable":true,"href":"https:\/\/ignacioprocacitto.com.ar\/sitio\/wp-json\/wp\/v2\/users\/1"}],"replies":[{"embeddable":true,"href":"https:\/\/ignacioprocacitto.com.ar\/sitio\/wp-json\/wp\/v2\/comments?post=3367"}],"version-history":[{"count":1,"href":"https:\/\/ignacioprocacitto.com.ar\/sitio\/wp-json\/wp\/v2\/posts\/3367\/revisions"}],"predecessor-version":[{"id":3368,"href":"https:\/\/ignacioprocacitto.com.ar\/sitio\/wp-json\/wp\/v2\/posts\/3367\/revisions\/3368"}],"wp:featuredmedia":[{"embeddable":true,"href":"https:\/\/ignacioprocacitto.com.ar\/sitio\/wp-json\/wp\/v2\/media\/3356"}],"wp:attachment":[{"href":"https:\/\/ignacioprocacitto.com.ar\/sitio\/wp-json\/wp\/v2\/media?parent=3367"}],"wp:term":[{"taxonomy":"category","embeddable":true,"href":"https:\/\/ignacioprocacitto.com.ar\/sitio\/wp-json\/wp\/v2\/categories?post=3367"},{"taxonomy":"post_tag","embeddable":true,"href":"https:\/\/ignacioprocacitto.com.ar\/sitio\/wp-json\/wp\/v2\/tags?post=3367"}],"curies":[{"name":"wp","href":"https:\/\/api.w.org\/{rel}","templated":true}]}}