{"id":3369,"date":"2022-06-20T14:01:00","date_gmt":"2022-06-20T17:01:00","guid":{"rendered":"https:\/\/ignacioprocacitto.com.ar\/sitio\/?p=3369"},"modified":"2022-06-20T14:01:52","modified_gmt":"2022-06-20T17:01:52","slug":"volvio-y-fue-gran-protagonista","status":"publish","type":"post","link":"https:\/\/ignacioprocacitto.com.ar\/sitio\/2022\/06\/20\/volvio-y-fue-gran-protagonista\/","title":{"rendered":"Volvi\u00f3 y fue gran protagonista"},"content":{"rendered":"\n<h2 class=\"wp-block-heading\">Ignacio Procacitto gan\u00f3 su serie y culmin\u00f3 sexto en una final intensa en Centenario, Neuqu\u00e9n<\/h2>\n\n\n\n<!--more-->\n\n\n\n<p>Regresando a las pistas, Ignacio Procacitto pele\u00f3 las primeras posiciones en el Turismo Nacional Clase 2. Con su Volkswagen Gol clasific\u00f3 segundo, gan\u00f3 su serie y concluy\u00f3 sexto en una carrera atrapante en Centenario, Neuqu\u00e9n.<\/p>\n\n\n\n<p>Estando competitivo desde el comienzo, Procacitto demostr\u00f3 una vez m\u00e1s las cualidades propias como piloto y las de su equipo familiar, que atraversando un momento dif\u00edcil en lo humano, sacaron adelante el fin de semana. Marcaron la pole position el viernes, aunque el s\u00e1bado en la general fueron segundos. La tarde sabatina termin\u00f3 con \u2018Nachi\u2019 ganando la serie de manera contundente, donde fue aplaudido por todo el aut\u00f3dromo.<\/p>\n\n\n\n<p>Luego de ganar la serie, muy emocionado, no pudo analizar lo que pas\u00f3 en pista pero expres\u00f3: \u201cSalud\u00f3 a mi mam\u00e1, a mi abuela, a mi pap\u00e1 y mi hermana Cintia, y a Leonel, que lo extra\u00f1o todos los d\u00edas. Pens\u00e9 que al cabo de los d\u00edas iba a ser mejor y cada vez duele m\u00e1s su ausencia. \u00c9l ya sabe lo que pienso de \u00e9l, se lo he dicho en vida, que lo amo mucho\u201d.<\/p>\n\n\n\n<p>El domingo, la final fue muy intensa, con muchos cambios y Procacitto la pele\u00f3 hasta el final, buscando el triunfo primero, y cuando vio que no se pod\u00eda, intent\u00f3 mantener el podio. Fue una carrera pareja, con muchos autos en gran nivel, y el rosense pudo llegar sexto, cumpliendo con creces el objetivo principal.<\/p>\n\n\n\n<p>\u201cLo que quer\u00edamos era pasar un buen fin de semana y as\u00ed fue, vimos la bandera a cuadros as\u00ed que est\u00e1 bien. Arriesgamos con la puesta a punto para la final y no sali\u00f3. Creo que el auto de seguridad no nos favoreci\u00f3 para quedarnos entre los del podio, y en la \u00faltima vuelta quise ir por eso pero bueno, no sali\u00f3 y quedamos sextos\u201d, analiz\u00f3 Procacitto luego de concluir la actividad en pista.<\/p>\n\n\n\n<p>La pr\u00f3xima fecha ser\u00e1 en Villa Mercedes, San Luis, el fin de semana del 10 de julio.<\/p>\n","protected":false},"excerpt":{"rendered":"<p>Ignacio Procacitto gan\u00f3 su serie y culmin\u00f3 sexto en una final intensa en Centenario, Neuqu\u00e9n<\/p>\n","protected":false},"author":1,"featured_media":3370,"comment_status":"open","ping_status":"closed","sticky":false,"template":"","format":"standard","meta":{"footnotes":""},"categories":[3],"tags":[],"class_list":["post-3369","post","type-post","status-publish","format-standard","has-post-thumbnail","hentry","category-novedades"],"_links":{"self":[{"href":"https:\/\/ignacioprocacitto.com.ar\/sitio\/wp-json\/wp\/v2\/posts\/3369","targetHints":{"allow":["GET"]}}],"collection":[{"href":"https:\/\/ignacioprocacitto.com.ar\/sitio\/wp-json\/wp\/v2\/posts"}],"about":[{"href":"https:\/\/ignacioprocacitto.com.ar\/sitio\/wp-json\/wp\/v2\/types\/post"}],"author":[{"embeddable":true,"href":"https:\/\/ignacioprocacitto.com.ar\/sitio\/wp-json\/wp\/v2\/users\/1"}],"replies":[{"embeddable":true,"href":"https:\/\/ignacioprocacitto.com.ar\/sitio\/wp-json\/wp\/v2\/comments?post=3369"}],"version-history":[{"count":2,"href":"https:\/\/ignacioprocacitto.com.ar\/sitio\/wp-json\/wp\/v2\/posts\/3369\/revisions"}],"predecessor-version":[{"id":3372,"href":"https:\/\/ignacioprocacitto.com.ar\/sitio\/wp-json\/wp\/v2\/posts\/3369\/revisions\/3372"}],"wp:featuredmedia":[{"embeddable":true,"href":"https:\/\/ignacioprocacitto.com.ar\/sitio\/wp-json\/wp\/v2\/media\/3370"}],"wp:attachment":[{"href":"https:\/\/ignacioprocacitto.com.ar\/sitio\/wp-json\/wp\/v2\/media?parent=3369"}],"wp:term":[{"taxonomy":"category","embeddable":true,"href":"https:\/\/ignacioprocacitto.com.ar\/sitio\/wp-json\/wp\/v2\/categories?post=3369"},{"taxonomy":"post_tag","embeddable":true,"href":"https:\/\/ignacioprocacitto.com.ar\/sitio\/wp-json\/wp\/v2\/tags?post=3369"}],"curies":[{"name":"wp","href":"https:\/\/api.w.org\/{rel}","templated":true}]}}