{"id":3399,"date":"2022-07-05T23:37:51","date_gmt":"2022-07-06T02:37:51","guid":{"rendered":"https:\/\/ignacioprocacitto.com.ar\/sitio\/?p=3399"},"modified":"2022-07-05T23:39:13","modified_gmt":"2022-07-06T02:39:13","slug":"encaminado-hacia-villa-mercedes","status":"publish","type":"post","link":"https:\/\/ignacioprocacitto.com.ar\/sitio\/2022\/07\/05\/encaminado-hacia-villa-mercedes\/","title":{"rendered":"Encaminado hacia Villa Mercedes"},"content":{"rendered":"\n<h2 class=\"wp-block-heading\"><strong>Ignacio Procacitto dar\u00e1 el presente en la sexta fecha del certamen, en el Parque La Pedrera donde fue 8\u00ba en 2020<\/strong><\/h2>\n\n\n\n<!--more-->\n\n\n\n<p>El rosense Ignacio Procacitto competir\u00e1 este fin de semana en la Provincia de San Luis, por la sexta fecha del Turismo Nacional Clase 2. Con el equipo propio, ser\u00e1 momento de ir al Parque La Pedrera, circuito semipermanente en la ciudad de Villa Mercedes.<\/p>\n\n\n\n<p>Luego de ganar la serie y pelear adelante toda la final en Centenario, Neuqu\u00e9n, el Procacitto Racing trabaj\u00f3 pacientemente en los detalles, los hermanos Riva en el motor y el auto fue armado en tiempo y forma. No hubo cambios relevantes porque el auto respondi\u00f3 muy bien y esperan ser competitivos en el circuito donde se corri\u00f3 previo al aislamiento obligatorio por la pandemia de Covid-19. En aquel marzo de 2020, \u2018Nachi\u2019 estuvo relegado detr\u00e1s de los veinte mejores hasta la final, donde remont\u00f3 notablemente hasta el octavo puesto.<\/p>\n\n\n\n<p>\u201cEst\u00e1 todo tranquilo en el taller, bien organizados y todo listo para viajar el jueves a Villa Mercedes. Se hizo un repaso al Volkswagen Gol Trend, no hicimos cambios porque venimos rindiendo bien, y vamos con la idea de sumar buenos puntos, sin volvernos locos\u201d, afirm\u00f3 el representante de Las Rosas.<\/p>\n\n\n\n<p>La actividad iniciar\u00e1 el viernes con dos entrenamientos (11 y 13.50) y luego ser\u00e1 la primera clasificaci\u00f3n (16.30). El s\u00e1bado se llevar\u00e1 a cabo la segunda tanda clasificatoria (11) y a la tarde se correr\u00e1n las series (14.30, 15.05 y 15.50, a 6 vueltas). El domingo se disputar\u00e1 la final a las 12.20, a 15 vueltas o 35 minutos de duraci\u00f3n m\u00e1xima.<\/p>\n\n\n\n<p><em>Mauro Calandria &#8211; Prensa Procacitto Racing<\/em><\/p>\n","protected":false},"excerpt":{"rendered":"<p>Ignacio Procacitto dar\u00e1 el presente en la sexta fecha del certamen, en el Parque La Pedrera donde fue 8\u00ba en 2020<\/p>\n","protected":false},"author":1,"featured_media":3385,"comment_status":"open","ping_status":"closed","sticky":false,"template":"","format":"standard","meta":{"footnotes":""},"categories":[3],"tags":[],"class_list":["post-3399","post","type-post","status-publish","format-standard","has-post-thumbnail","hentry","category-novedades"],"_links":{"self":[{"href":"https:\/\/ignacioprocacitto.com.ar\/sitio\/wp-json\/wp\/v2\/posts\/3399","targetHints":{"allow":["GET"]}}],"collection":[{"href":"https:\/\/ignacioprocacitto.com.ar\/sitio\/wp-json\/wp\/v2\/posts"}],"about":[{"href":"https:\/\/ignacioprocacitto.com.ar\/sitio\/wp-json\/wp\/v2\/types\/post"}],"author":[{"embeddable":true,"href":"https:\/\/ignacioprocacitto.com.ar\/sitio\/wp-json\/wp\/v2\/users\/1"}],"replies":[{"embeddable":true,"href":"https:\/\/ignacioprocacitto.com.ar\/sitio\/wp-json\/wp\/v2\/comments?post=3399"}],"version-history":[{"count":2,"href":"https:\/\/ignacioprocacitto.com.ar\/sitio\/wp-json\/wp\/v2\/posts\/3399\/revisions"}],"predecessor-version":[{"id":3401,"href":"https:\/\/ignacioprocacitto.com.ar\/sitio\/wp-json\/wp\/v2\/posts\/3399\/revisions\/3401"}],"wp:featuredmedia":[{"embeddable":true,"href":"https:\/\/ignacioprocacitto.com.ar\/sitio\/wp-json\/wp\/v2\/media\/3385"}],"wp:attachment":[{"href":"https:\/\/ignacioprocacitto.com.ar\/sitio\/wp-json\/wp\/v2\/media?parent=3399"}],"wp:term":[{"taxonomy":"category","embeddable":true,"href":"https:\/\/ignacioprocacitto.com.ar\/sitio\/wp-json\/wp\/v2\/categories?post=3399"},{"taxonomy":"post_tag","embeddable":true,"href":"https:\/\/ignacioprocacitto.com.ar\/sitio\/wp-json\/wp\/v2\/tags?post=3399"}],"curies":[{"name":"wp","href":"https:\/\/api.w.org\/{rel}","templated":true}]}}