{"id":3402,"date":"2022-07-11T12:29:30","date_gmt":"2022-07-11T15:29:30","guid":{"rendered":"https:\/\/ignacioprocacitto.com.ar\/sitio\/?p=3402"},"modified":"2022-07-11T12:29:31","modified_gmt":"2022-07-11T15:29:31","slug":"otra-excelente-sumatoria","status":"publish","type":"post","link":"https:\/\/ignacioprocacitto.com.ar\/sitio\/2022\/07\/11\/otra-excelente-sumatoria\/","title":{"rendered":"Otra excelente sumatoria"},"content":{"rendered":"\n<h2 class=\"wp-block-heading\"><strong>El rosense Ignacio Procacitto fue 4\u00ba en Villa Mercedes, San Luis, y sigue creciendo en la tabla<\/strong><\/h2>\n\n\n\n<!--more-->\n\n\n\n<p>Ignacio Procacitto cumpli\u00f3 otra gran carrera en el Turismo Nacional Clase 2, arribando cuarto en Villa Mercedes, San Luis, por la sexta fecha. El piloto de Las Rosas estuvo todo el fin de semana entre los m\u00e1s destacados y qued\u00f3 a un paso del podio en la carrera final.<\/p>\n\n\n\n<p>Tras clasificar en sexta posici\u00f3n, Procacitto qued\u00f3 marcado como un candidato al podio. En la serie, logr\u00f3 ser segundo en una pelea muy dif\u00edcil, y de ese modo qued\u00f3 clasificado para partir en tercera hilera de la carrera final, desde el quinto lugar.<\/p>\n\n\n\n<p>Tras partir, \u2018Nachi\u2019 qued\u00f3 sexto y por momentos cay\u00f3 al s\u00e9ptimo lugar, pero en el dif\u00edcil trazado del \u2018Parque La Pedrera\u2019, con los paredones como l\u00edmite de pista en casi todo momento, no era el mejor escenario para arriesgar. Sobre las \u00faltimas vueltas, el lote de adelante se amonton\u00f3 y hubo muchos cambios, y el de Las Rosas pudo ganar un par de lugares para llegar cuarto, a un paso del podio, muy cerca como tambi\u00e9n estuvo en Centenario, Neuqu\u00e9n.<\/p>\n\n\n\n<p>\u201cFue un buen fin de semana para nosotros, logramos una buena clasificaci\u00f3n que incluso podr\u00eda haber sido mejor. Despu\u00e9s salimos con todo en la serie para tratar de ganar y no estuvimos lejos, salimos segundos y muy cerquita. En la final tuvimos que ir a fondo y la quise esperar porque cada error era un impacto contra la pared. Esper\u00e9, trat\u00e9 de ser cauto tras los autos de seguridad y por eso me llev\u00e9 el cuarto puesto\u201d, analiz\u00f3 el rosense, quien avanz\u00f3 en las \u00faltimas vueltas.<\/p>\n\n\n\n<p>Ahora Procacitto subi\u00f3 al octavo puesto del certamen y falta medio calendario, con chances intactas para seguir progresando. La pr\u00f3xima fecha ser\u00e1 el fin de semana del 31 de julio en Las Termas de R\u00edo Hondo, Santiago del Estero.<\/p>\n","protected":false},"excerpt":{"rendered":"<p>El rosense Ignacio Procacitto fue 4\u00ba en Villa Mercedes, San Luis, y sigue creciendo en la tabla<\/p>\n","protected":false},"author":1,"featured_media":3403,"comment_status":"open","ping_status":"closed","sticky":false,"template":"","format":"standard","meta":{"footnotes":""},"categories":[3],"tags":[],"class_list":["post-3402","post","type-post","status-publish","format-standard","has-post-thumbnail","hentry","category-novedades"],"_links":{"self":[{"href":"https:\/\/ignacioprocacitto.com.ar\/sitio\/wp-json\/wp\/v2\/posts\/3402","targetHints":{"allow":["GET"]}}],"collection":[{"href":"https:\/\/ignacioprocacitto.com.ar\/sitio\/wp-json\/wp\/v2\/posts"}],"about":[{"href":"https:\/\/ignacioprocacitto.com.ar\/sitio\/wp-json\/wp\/v2\/types\/post"}],"author":[{"embeddable":true,"href":"https:\/\/ignacioprocacitto.com.ar\/sitio\/wp-json\/wp\/v2\/users\/1"}],"replies":[{"embeddable":true,"href":"https:\/\/ignacioprocacitto.com.ar\/sitio\/wp-json\/wp\/v2\/comments?post=3402"}],"version-history":[{"count":1,"href":"https:\/\/ignacioprocacitto.com.ar\/sitio\/wp-json\/wp\/v2\/posts\/3402\/revisions"}],"predecessor-version":[{"id":3404,"href":"https:\/\/ignacioprocacitto.com.ar\/sitio\/wp-json\/wp\/v2\/posts\/3402\/revisions\/3404"}],"wp:featuredmedia":[{"embeddable":true,"href":"https:\/\/ignacioprocacitto.com.ar\/sitio\/wp-json\/wp\/v2\/media\/3403"}],"wp:attachment":[{"href":"https:\/\/ignacioprocacitto.com.ar\/sitio\/wp-json\/wp\/v2\/media?parent=3402"}],"wp:term":[{"taxonomy":"category","embeddable":true,"href":"https:\/\/ignacioprocacitto.com.ar\/sitio\/wp-json\/wp\/v2\/categories?post=3402"},{"taxonomy":"post_tag","embeddable":true,"href":"https:\/\/ignacioprocacitto.com.ar\/sitio\/wp-json\/wp\/v2\/tags?post=3402"}],"curies":[{"name":"wp","href":"https:\/\/api.w.org\/{rel}","templated":true}]}}