{"id":3422,"date":"2022-07-26T21:43:00","date_gmt":"2022-07-27T00:43:00","guid":{"rendered":"https:\/\/ignacioprocacitto.com.ar\/sitio\/?p=3422"},"modified":"2022-07-26T21:43:02","modified_gmt":"2022-07-27T00:43:02","slug":"por-otro-gran-resultado%ef%bf%bc","status":"publish","type":"post","link":"https:\/\/ignacioprocacitto.com.ar\/sitio\/2022\/07\/26\/por-otro-gran-resultado%ef%bf%bc\/","title":{"rendered":"Por otro gran resultado\ufffc"},"content":{"rendered":"\n<h2 class=\"wp-block-heading\"><strong>Ignacio Procacitto afrontar\u00e1 la s\u00e9ptima fecha buscando pelear nuevamente los primeros lugares de la Clase 2 del TN<\/strong><\/h2>\n\n\n\n<!--more-->\n\n\n\n<p>Tras dos buenas actuaciones, el rosense Ignacio Procacitto tiene entre ceja y ceja poder pelear por lo m\u00e1s alto en Las Termas de R\u00edo Hondo, este fin de semana en el marco de la s\u00e9ptima fecha del Turismo Nacional Clase 2.<\/p>\n\n\n\n<p>El Procacitto Racing trabaj\u00f3 para repasar el chasis mientras que el motor fue revisado por los hermanos Riva, dejando todo en condiciones. Con la puesta a punto de Cristian Galasso, encargado t\u00e9cnico del Volkswagen Gol Trend n\u00famero 6, las perspectivas son buenas porque el conjunto est\u00e1 funcionando bien, y se est\u00e1 buscando protagonismo en los diferentes tipos de circuitos que plantea el calendario del TN.<\/p>\n\n\n\n<p>\u201cVamos con buenas expectativas, repasamos el auto y no tenemos cosas nuevas para probar por ahora. Veremos si antes de San Nicol\u00e1s haremos alguna prueba pero como venimos sin inconvenientes, creemos que tenemos un buen equilibrio y base para pelear. Vamos con algunos kilos de lastre pero no creo que sea significativo. Sabemos que Termas es un circuito r\u00e1pido y t\u00e9cnico y complejo. Debemos estar atentos para tratar de ser r\u00e1pidos\u201d, explic\u00f3 \u2018Nachi\u2019 Procacitto.<\/p>\n\n\n\n<p>El viernes ser\u00e1n los dos entrenamientos y la primera clasificaci\u00f3n. El s\u00e1bado, por la ma\u00f1ana se disputar\u00e1 la segunda y definitoria clasificaci\u00f3n, y a la tarde se correr\u00e1n las series, transmitidas en directo por DeporTV y MotorPlay. El domingo, la final ser\u00e1 como es habitual, al mediod\u00eda en vivo por la TV P\u00fablica.<\/p>\n","protected":false},"excerpt":{"rendered":"<p>Ignacio Procacitto afrontar\u00e1 la s\u00e9ptima fecha buscando pelear nuevamente los primeros lugares de la Clase 2 del TN<\/p>\n","protected":false},"author":1,"featured_media":3411,"comment_status":"open","ping_status":"closed","sticky":false,"template":"","format":"standard","meta":{"footnotes":""},"categories":[3],"tags":[],"class_list":["post-3422","post","type-post","status-publish","format-standard","has-post-thumbnail","hentry","category-novedades"],"_links":{"self":[{"href":"https:\/\/ignacioprocacitto.com.ar\/sitio\/wp-json\/wp\/v2\/posts\/3422","targetHints":{"allow":["GET"]}}],"collection":[{"href":"https:\/\/ignacioprocacitto.com.ar\/sitio\/wp-json\/wp\/v2\/posts"}],"about":[{"href":"https:\/\/ignacioprocacitto.com.ar\/sitio\/wp-json\/wp\/v2\/types\/post"}],"author":[{"embeddable":true,"href":"https:\/\/ignacioprocacitto.com.ar\/sitio\/wp-json\/wp\/v2\/users\/1"}],"replies":[{"embeddable":true,"href":"https:\/\/ignacioprocacitto.com.ar\/sitio\/wp-json\/wp\/v2\/comments?post=3422"}],"version-history":[{"count":1,"href":"https:\/\/ignacioprocacitto.com.ar\/sitio\/wp-json\/wp\/v2\/posts\/3422\/revisions"}],"predecessor-version":[{"id":3423,"href":"https:\/\/ignacioprocacitto.com.ar\/sitio\/wp-json\/wp\/v2\/posts\/3422\/revisions\/3423"}],"wp:featuredmedia":[{"embeddable":true,"href":"https:\/\/ignacioprocacitto.com.ar\/sitio\/wp-json\/wp\/v2\/media\/3411"}],"wp:attachment":[{"href":"https:\/\/ignacioprocacitto.com.ar\/sitio\/wp-json\/wp\/v2\/media?parent=3422"}],"wp:term":[{"taxonomy":"category","embeddable":true,"href":"https:\/\/ignacioprocacitto.com.ar\/sitio\/wp-json\/wp\/v2\/categories?post=3422"},{"taxonomy":"post_tag","embeddable":true,"href":"https:\/\/ignacioprocacitto.com.ar\/sitio\/wp-json\/wp\/v2\/tags?post=3422"}],"curies":[{"name":"wp","href":"https:\/\/api.w.org\/{rel}","templated":true}]}}