{"id":3424,"date":"2022-07-31T23:21:16","date_gmt":"2022-08-01T02:21:16","guid":{"rendered":"https:\/\/ignacioprocacitto.com.ar\/sitio\/?p=3424"},"modified":"2022-07-31T23:21:17","modified_gmt":"2022-08-01T02:21:17","slug":"final-prematuro-por-un-toque","status":"publish","type":"post","link":"https:\/\/ignacioprocacitto.com.ar\/sitio\/2022\/07\/31\/final-prematuro-por-un-toque\/","title":{"rendered":"Final prematuro por un toque"},"content":{"rendered":"\n<h2 class=\"wp-block-heading\"><strong>Ignacio Procacitto debi\u00f3 abandonar en Las Termas de R\u00edo Hondo producto de algunos da\u00f1os en el Volkswagen Gol<\/strong><\/h2>\n\n\n\n<!--more-->\n\n\n\n<p>La s\u00e9ptima fecha del Turismo Nacional no termin\u00f3 como se esperaba para Ignacio Procacitto, quien estuvo con buen rendimiento pero un toque lo oblig\u00f3 a abandonar la final de Clase 2 en Las Termas de R\u00edo Hondo, Santiago del Estero.<\/p>\n\n\n\n<p>El rosense tuvo un buen viernes, trabajando mucho en la puesta a punto con Cristian Galasso al frente, y en el segundo entrenamiento ya estaban primeros. Luego en clasificaci\u00f3n no se pudo tener la succi\u00f3n como trabajan los equipos de m\u00e1s autos, pero se alcanz\u00f3 un cuarto puesto muy meritorio.<\/p>\n\n\n\n<p>En la serie, \u2018Nachi\u2019 estuvo en la pelea pero no pudo ir por m\u00e1s, y concluy\u00f3 tercero, pero conociendo el auto que ten\u00eda, apostaba a la final. El domingo, cuando se puso en marcha la prueba principal, Procacitto empez\u00f3 a avanzar muy bien, pero un incidente le dej\u00f3 da\u00f1ada la alineaci\u00f3n y no se pudo continuar en pista.<\/p>\n\n\n\n<p>\u201cTen\u00edamos un buen potencial para poder avanzar, quise ir r\u00e1pido a la b\u00fasqueda de los puestos de adelante, y en el frenaje se me bloquea por dem\u00e1s el auto, y me tir\u00e9 por adentro, tratando de esquivar a Abdala porque pod\u00eda doblar tranquilamente, y justo \u00e9l se cerr\u00f3 y se produjo el toque. Se desaline\u00f3 el auto y no supimos bien qu\u00e9 se rompi\u00f3, pero ya no se pod\u00eda ni acelerar ni frenar, y hasta ah\u00ed lleg\u00f3 nuestra carrera. Fue una l\u00e1stima\u201d.<\/p>\n\n\n\n<p>La pr\u00f3xima fecha ser\u00e1 el fin de semana del 21 de agosto en San Nicol\u00e1s.<\/p>\n","protected":false},"excerpt":{"rendered":"<p>Ignacio Procacitto debi\u00f3 abandonar en Las Termas de R\u00edo Hondo producto de algunos da\u00f1os en el Volkswagen Gol<\/p>\n","protected":false},"author":1,"featured_media":3425,"comment_status":"open","ping_status":"closed","sticky":false,"template":"","format":"standard","meta":{"footnotes":""},"categories":[3],"tags":[],"class_list":["post-3424","post","type-post","status-publish","format-standard","has-post-thumbnail","hentry","category-novedades"],"_links":{"self":[{"href":"https:\/\/ignacioprocacitto.com.ar\/sitio\/wp-json\/wp\/v2\/posts\/3424","targetHints":{"allow":["GET"]}}],"collection":[{"href":"https:\/\/ignacioprocacitto.com.ar\/sitio\/wp-json\/wp\/v2\/posts"}],"about":[{"href":"https:\/\/ignacioprocacitto.com.ar\/sitio\/wp-json\/wp\/v2\/types\/post"}],"author":[{"embeddable":true,"href":"https:\/\/ignacioprocacitto.com.ar\/sitio\/wp-json\/wp\/v2\/users\/1"}],"replies":[{"embeddable":true,"href":"https:\/\/ignacioprocacitto.com.ar\/sitio\/wp-json\/wp\/v2\/comments?post=3424"}],"version-history":[{"count":1,"href":"https:\/\/ignacioprocacitto.com.ar\/sitio\/wp-json\/wp\/v2\/posts\/3424\/revisions"}],"predecessor-version":[{"id":3426,"href":"https:\/\/ignacioprocacitto.com.ar\/sitio\/wp-json\/wp\/v2\/posts\/3424\/revisions\/3426"}],"wp:featuredmedia":[{"embeddable":true,"href":"https:\/\/ignacioprocacitto.com.ar\/sitio\/wp-json\/wp\/v2\/media\/3425"}],"wp:attachment":[{"href":"https:\/\/ignacioprocacitto.com.ar\/sitio\/wp-json\/wp\/v2\/media?parent=3424"}],"wp:term":[{"taxonomy":"category","embeddable":true,"href":"https:\/\/ignacioprocacitto.com.ar\/sitio\/wp-json\/wp\/v2\/categories?post=3424"},{"taxonomy":"post_tag","embeddable":true,"href":"https:\/\/ignacioprocacitto.com.ar\/sitio\/wp-json\/wp\/v2\/tags?post=3424"}],"curies":[{"name":"wp","href":"https:\/\/api.w.org\/{rel}","templated":true}]}}