{"id":3454,"date":"2022-08-16T21:02:07","date_gmt":"2022-08-17T00:02:07","guid":{"rendered":"https:\/\/ignacioprocacitto.com.ar\/sitio\/?p=3454"},"modified":"2022-08-16T21:02:09","modified_gmt":"2022-08-17T00:02:09","slug":"llegara-y-probara-antes-en-san-nicolas","status":"publish","type":"post","link":"https:\/\/ignacioprocacitto.com.ar\/sitio\/2022\/08\/16\/llegara-y-probara-antes-en-san-nicolas\/","title":{"rendered":"Llegar\u00e1 y probar\u00e1 antes en San Nicol\u00e1s"},"content":{"rendered":"\n<h2 class=\"wp-block-heading\">Ignacio Procacitto tiene por delante la octava fecha del campeonato, en su circuito de pruebas al que le tomar\u00e1 provecho<\/h2>\n\n\n\n<!--more-->\n\n\n\n<p>El Turismo Nacional llegar\u00e1 a San Nicol\u00e1s, donde Ignacio Procacitto ir\u00e1 con ilusiones de ser protagonista y pelear por el podio una vez m\u00e1s. El rosense tiene a este escenario como circuito de pruebas, y por ello probar\u00e1 el jueves algunas configuraciones para mejorar el ya de por s\u00ed buen auto que tiene desde hace todo el a\u00f1o.<\/p>\n\n\n\n<p>Si bien en Las Termas de R\u00edo Hondo la final termin\u00f3 en abandono, Procacitto se mantiene entre los mejores diez del a\u00f1o y faltan cinco carreras, donde todo puede acontecer. Un gran resultado podr\u00eda dar un ascenso considerable en la tabla, y ese es el objetivo.<\/p>\n\n\n\n<p>\u201cTenemos el auto armado para correr, vamos a ver distintas puestas a punto para mejorar ya que San Nicol\u00e1s es nuestro circuito de pruebas. Igualmente tenemos en vista que lo que probaremos no tendr\u00e1 grandes cambios, porque estamos andando bien, pero tenemos la posibilidad de girar el jueves y lo vamos a hacer\u201d, manifest\u00f3 \u2018Nachi\u2019 Procacitto.<\/p>\n\n\n\n<p>La actividad oficial comenzar\u00e1 el viernes con los entrenamientos y la primera clasificaci\u00f3n, para el s\u00e1bado tener la segunda tanda clasificatoria en la ma\u00f1ana y las series por la tarde. El domingo ser\u00e1 la final, al mediod\u00eda con transmisi\u00f3n en directo por la TV P\u00fablica.<\/p>\n","protected":false},"excerpt":{"rendered":"<p>Ignacio Procacitto tiene por delante la octava fecha del campeonato, en su circuito de pruebas al que le tomar\u00e1 provecho<\/p>\n","protected":false},"author":1,"featured_media":3444,"comment_status":"open","ping_status":"closed","sticky":false,"template":"","format":"standard","meta":{"footnotes":""},"categories":[3],"tags":[],"class_list":["post-3454","post","type-post","status-publish","format-standard","has-post-thumbnail","hentry","category-novedades"],"_links":{"self":[{"href":"https:\/\/ignacioprocacitto.com.ar\/sitio\/wp-json\/wp\/v2\/posts\/3454","targetHints":{"allow":["GET"]}}],"collection":[{"href":"https:\/\/ignacioprocacitto.com.ar\/sitio\/wp-json\/wp\/v2\/posts"}],"about":[{"href":"https:\/\/ignacioprocacitto.com.ar\/sitio\/wp-json\/wp\/v2\/types\/post"}],"author":[{"embeddable":true,"href":"https:\/\/ignacioprocacitto.com.ar\/sitio\/wp-json\/wp\/v2\/users\/1"}],"replies":[{"embeddable":true,"href":"https:\/\/ignacioprocacitto.com.ar\/sitio\/wp-json\/wp\/v2\/comments?post=3454"}],"version-history":[{"count":1,"href":"https:\/\/ignacioprocacitto.com.ar\/sitio\/wp-json\/wp\/v2\/posts\/3454\/revisions"}],"predecessor-version":[{"id":3455,"href":"https:\/\/ignacioprocacitto.com.ar\/sitio\/wp-json\/wp\/v2\/posts\/3454\/revisions\/3455"}],"wp:featuredmedia":[{"embeddable":true,"href":"https:\/\/ignacioprocacitto.com.ar\/sitio\/wp-json\/wp\/v2\/media\/3444"}],"wp:attachment":[{"href":"https:\/\/ignacioprocacitto.com.ar\/sitio\/wp-json\/wp\/v2\/media?parent=3454"}],"wp:term":[{"taxonomy":"category","embeddable":true,"href":"https:\/\/ignacioprocacitto.com.ar\/sitio\/wp-json\/wp\/v2\/categories?post=3454"},{"taxonomy":"post_tag","embeddable":true,"href":"https:\/\/ignacioprocacitto.com.ar\/sitio\/wp-json\/wp\/v2\/tags?post=3454"}],"curies":[{"name":"wp","href":"https:\/\/api.w.org\/{rel}","templated":true}]}}