{"id":3456,"date":"2022-08-21T19:43:48","date_gmt":"2022-08-21T22:43:48","guid":{"rendered":"https:\/\/ignacioprocacitto.com.ar\/sitio\/?p=3456"},"modified":"2022-08-21T19:43:49","modified_gmt":"2022-08-21T22:43:49","slug":"un-triunfo-para-siempre","status":"publish","type":"post","link":"https:\/\/ignacioprocacitto.com.ar\/sitio\/2022\/08\/21\/un-triunfo-para-siempre\/","title":{"rendered":"Un triunfo para siempre"},"content":{"rendered":"\n<h2 class=\"wp-block-heading\">Ignacio Procacitto logr\u00f3 ganar por primera vez en el automovilismo argentino, reuniendo todos los m\u00e9ritos con su equipo familiar<\/h2>\n\n\n\n<!--more-->\n\n\n\n<p>El rosense Ignacio Procacitto celebr\u00f3 en lo m\u00e1s alto del podio por primera vez dentro del Turismo Nacional Clase 2, luego de ganar una carrera muy emocionante en San Nicol\u00e1s. El s\u00e1bado marc\u00f3 la pole position, gan\u00f3 su serie, pero la final fue dura en los primeros momentos, teniendo que ganar dos posiciones con grandes maniobras para quedarse con el mayor premio del domingo, el triunfo en la final.<\/p>\n\n\n\n<p>Desde los entrenamientos oficiales del viernes, el piloto de Las Rosas fue protagonista, pero lo m\u00e1s contundente fue la clasificaci\u00f3n, porque domin\u00f3 las dos tandas, mejorando incluso el registro del viernes para el s\u00e1bado, cuando defini\u00f3 todo a su favor. La tarde sabatina tuvo a Procacitto partiendo adelante, dominando a placer pero sin disfrutar del todo porque entr\u00f3 el auto de seguridad y no pudo ser la serie m\u00e1s veloz.<\/p>\n\n\n\n<p>El domingo larg\u00f3 en segunda fila, atacando a Gabriel Scordia y Christian Abdala en una carrera que tuvo mucho respeto entre los l\u00edderes, pero sin darse respiro. Primero pudo pasar a Scordia, y antes de mitad de carrera, en una maniobra limpia pas\u00f3 al frente y poco a poco, escap\u00f3 hacia una conquista esperada, merecida, y con una dedicatoria especial para Leo, su hermano quien lo apoya desde el cielo cada d\u00eda.<\/p>\n\n\n\n<figure class=\"wp-block-image size-large\"><img fetchpriority=\"high\" decoding=\"async\" width=\"1024\" height=\"682\" src=\"https:\/\/ignacioprocacitto.com.ar\/sitio\/wp-content\/uploads\/2022\/08\/Ignacio-Procacitto-3-DOM-15-1024x682.jpeg\" alt=\"\" class=\"wp-image-3457\" srcset=\"https:\/\/ignacioprocacitto.com.ar\/sitio\/wp-content\/uploads\/2022\/08\/Ignacio-Procacitto-3-DOM-15-1024x682.jpeg 1024w, https:\/\/ignacioprocacitto.com.ar\/sitio\/wp-content\/uploads\/2022\/08\/Ignacio-Procacitto-3-DOM-15-300x200.jpeg 300w, https:\/\/ignacioprocacitto.com.ar\/sitio\/wp-content\/uploads\/2022\/08\/Ignacio-Procacitto-3-DOM-15-768x512.jpeg 768w, https:\/\/ignacioprocacitto.com.ar\/sitio\/wp-content\/uploads\/2022\/08\/Ignacio-Procacitto-3-DOM-15.jpeg 1280w\" sizes=\"(max-width: 1024px) 100vw, 1024px\" \/><\/figure>\n\n\n\n<p>\u201cNo puedo dejar de pensar en mi hermano, y a esta carrera vino mam\u00e1, que hac\u00eda tres a\u00f1os que no ven\u00eda a una carrera. Ahora que Leo no est\u00e1, sali\u00f3 campe\u00f3n su club, William Kemmis, y yo logr\u00e9 mi primera victoria en el TN. Me encantar\u00eda darle un abrazo, pero all\u00e1 est\u00e1, me da fuerzas, es un genio. Lo extra\u00f1o todos los d\u00edas, y agradezco a toda mi familia, a todo el equipo, a Cristian Galasso por sumarse a este proyecto, a los hermanos Riva que no nos abandonaron nunca, desde la F\u00f3rmula, y nos faltaba contundencia para este triunfo y hoy la tuvimos\u201d, manifest\u00f3 apenas baj\u00f3 del auto.<\/p>\n\n\n\n<p>Y ampli\u00f3: \u201cNo es un fin de semana m\u00e1s para nosotros, tuvimos un gran viernes, un gran s\u00e1bado y un domingo espectacular. Trataremos de tener un buen final de a\u00f1o, con las cuatro fechas que quedan. Yo sab\u00eda que no tenemos que volvernos locos y nos dimos cuenta de que est\u00e1bamos para ganar ayer en la segunda clasificaci\u00f3n, y despu\u00e9s vimos que ten\u00edamos ritmo en la serie. En la final tuvimos unos toques ah\u00ed con Juani Canela pero son cosas de carrera, \u00e9l tambi\u00e9n quer\u00eda avanzar para ganar porque tambi\u00e9n est\u00e1 peleando el campeonato. Somos amigos debajo de los autos de carrera y arriba nos respetamos un mont\u00f3n. Nos qued\u00f3 vibrando una goma y me asust\u00e9. Quise pasar r\u00e1pido a Gaby y Christian, y si no lo hac\u00eda r\u00e1pido se iba a complicar\u201d.<\/p>\n\n\n\n<p>Finalmente, Procacitto expres\u00f3: \u201cFue un fin de semana de mucha emoci\u00f3n, porque estando a 200 kil\u00f3metros de Las Rosas, vino much\u00edsima gente, fue un marco de p\u00fablico excepcional, con gente que vino desde all\u00e1, que me conoce de afuera del automovilismo, de la vida, de la facultad. En esto uno se va rodeando de muchas personas, algunas que se van, pero siempre quedan y estoy feliz por el acompa\u00f1amiento que tuvimos\u201d.<\/p>\n\n\n\n<figure class=\"wp-block-image size-large\"><img decoding=\"async\" width=\"1024\" height=\"682\" src=\"https:\/\/ignacioprocacitto.com.ar\/sitio\/wp-content\/uploads\/2022\/08\/Ignacio-Procacitto-3-DOM-16-1024x682.jpeg\" alt=\"\" class=\"wp-image-3458\" srcset=\"https:\/\/ignacioprocacitto.com.ar\/sitio\/wp-content\/uploads\/2022\/08\/Ignacio-Procacitto-3-DOM-16-1024x682.jpeg 1024w, https:\/\/ignacioprocacitto.com.ar\/sitio\/wp-content\/uploads\/2022\/08\/Ignacio-Procacitto-3-DOM-16-300x200.jpeg 300w, https:\/\/ignacioprocacitto.com.ar\/sitio\/wp-content\/uploads\/2022\/08\/Ignacio-Procacitto-3-DOM-16-768x512.jpeg 768w, https:\/\/ignacioprocacitto.com.ar\/sitio\/wp-content\/uploads\/2022\/08\/Ignacio-Procacitto-3-DOM-16.jpeg 1280w\" sizes=\"(max-width: 1024px) 100vw, 1024px\" \/><\/figure>\n\n\n\n<p>La pr\u00f3xima fecha ser\u00e1 el fin de semana del 25 de septiembre en Toay, La Pampa.<\/p>\n","protected":false},"excerpt":{"rendered":"<p>Ignacio Procacitto logr\u00f3 ganar por primera vez en el automovilismo argentino, reuniendo todos los m\u00e9ritos con su equipo familiar<\/p>\n","protected":false},"author":1,"featured_media":3458,"comment_status":"open","ping_status":"closed","sticky":false,"template":"","format":"standard","meta":{"footnotes":""},"categories":[3],"tags":[],"class_list":["post-3456","post","type-post","status-publish","format-standard","has-post-thumbnail","hentry","category-novedades"],"_links":{"self":[{"href":"https:\/\/ignacioprocacitto.com.ar\/sitio\/wp-json\/wp\/v2\/posts\/3456","targetHints":{"allow":["GET"]}}],"collection":[{"href":"https:\/\/ignacioprocacitto.com.ar\/sitio\/wp-json\/wp\/v2\/posts"}],"about":[{"href":"https:\/\/ignacioprocacitto.com.ar\/sitio\/wp-json\/wp\/v2\/types\/post"}],"author":[{"embeddable":true,"href":"https:\/\/ignacioprocacitto.com.ar\/sitio\/wp-json\/wp\/v2\/users\/1"}],"replies":[{"embeddable":true,"href":"https:\/\/ignacioprocacitto.com.ar\/sitio\/wp-json\/wp\/v2\/comments?post=3456"}],"version-history":[{"count":1,"href":"https:\/\/ignacioprocacitto.com.ar\/sitio\/wp-json\/wp\/v2\/posts\/3456\/revisions"}],"predecessor-version":[{"id":3459,"href":"https:\/\/ignacioprocacitto.com.ar\/sitio\/wp-json\/wp\/v2\/posts\/3456\/revisions\/3459"}],"wp:featuredmedia":[{"embeddable":true,"href":"https:\/\/ignacioprocacitto.com.ar\/sitio\/wp-json\/wp\/v2\/media\/3458"}],"wp:attachment":[{"href":"https:\/\/ignacioprocacitto.com.ar\/sitio\/wp-json\/wp\/v2\/media?parent=3456"}],"wp:term":[{"taxonomy":"category","embeddable":true,"href":"https:\/\/ignacioprocacitto.com.ar\/sitio\/wp-json\/wp\/v2\/categories?post=3456"},{"taxonomy":"post_tag","embeddable":true,"href":"https:\/\/ignacioprocacitto.com.ar\/sitio\/wp-json\/wp\/v2\/tags?post=3456"}],"curies":[{"name":"wp","href":"https:\/\/api.w.org\/{rel}","templated":true}]}}