{"id":3487,"date":"2022-09-21T13:39:00","date_gmt":"2022-09-21T16:39:00","guid":{"rendered":"https:\/\/ignacioprocacitto.com.ar\/sitio\/?p=3487"},"modified":"2022-10-12T13:42:46","modified_gmt":"2022-10-12T16:42:46","slug":"con-menos-presion-a-seguir-descontando","status":"publish","type":"post","link":"https:\/\/ignacioprocacitto.com.ar\/sitio\/2022\/09\/21\/con-menos-presion-a-seguir-descontando\/","title":{"rendered":"Con menos presi\u00f3n, a seguir descontando"},"content":{"rendered":"\n<h2 class=\"wp-block-heading\"><strong>Ignacio Procacitto estar\u00e1 en Toay, La Pampa, con la meta de continuar escalando en el certamen tras la victoria en San Nicol\u00e1s<\/strong><\/h2>\n\n\n\n<!--more-->\n\n\n\n<p>Haber triunfado en la cita pasada le deja un casillero m\u00e1s cumplido a Ignacio Procacitto, pero ahora tiene que volver a descontar puntos para continuar descontando en el certamen de Turismo Nacional Clase 2. Este fin de semana ser\u00e1 la novena fecha en Toay, La Pampa, y necesita seguir siendo protagonista.<\/p>\n\n\n\n<p>A pesar de tener 40 kilos de lastre, Procacitto conf\u00eda en que su equipo afincado en Las Rosas pueda volver a contar con un auto que sume en grande. Tras un hecho muy especial para \u00e9l en San Nicol\u00e1s, el festejo y la satisfacci\u00f3n ya han quedado a un lado para ir por m\u00e1s. Est\u00e1 a 64 puntos pero restan cuatro competencias.<\/p>\n\n\n\n<p>\u201cLa verdad es que quer\u00edamos hacer una prueba pero no pudimos por diversas cuestiones. Vamos bien y analizaremos c\u00f3mo funciona el Gol Trend con los kilos de lastre tras ganar en San Nicol\u00e1s. Queremos volver a sumar fuerte y poder descontar puntos para seguir en la lucha por el campeonato. En el chasis solamente se hizo un repaso porque termin\u00f3 \u00f3ptimo la competencia anterior, y el motor de correr y el de repuesto ya est\u00e1n listos tambi\u00e9n\u201d, detall\u00f3 Procacitto sobre lo realizado en estos d\u00edas previos al TN en La Pampa.<\/p>\n\n\n\n<p>Desde el viernes habr\u00e1 buena actividad en pista con los entrenamientos y la primera clasificaci\u00f3n, para el s\u00e1bado volver a clasificar y por la tarde correr la serie selectiva, que lo acomode para la final dominical.<\/p>\n","protected":false},"excerpt":{"rendered":"<p>Ignacio Procacitto estar\u00e1 en Toay, La Pampa, con la meta de continuar escalando en el certamen tras la victoria en San Nicol\u00e1s<\/p>\n","protected":false},"author":1,"featured_media":3473,"comment_status":"open","ping_status":"closed","sticky":false,"template":"","format":"standard","meta":{"footnotes":""},"categories":[3],"tags":[],"class_list":["post-3487","post","type-post","status-publish","format-standard","has-post-thumbnail","hentry","category-novedades"],"_links":{"self":[{"href":"https:\/\/ignacioprocacitto.com.ar\/sitio\/wp-json\/wp\/v2\/posts\/3487","targetHints":{"allow":["GET"]}}],"collection":[{"href":"https:\/\/ignacioprocacitto.com.ar\/sitio\/wp-json\/wp\/v2\/posts"}],"about":[{"href":"https:\/\/ignacioprocacitto.com.ar\/sitio\/wp-json\/wp\/v2\/types\/post"}],"author":[{"embeddable":true,"href":"https:\/\/ignacioprocacitto.com.ar\/sitio\/wp-json\/wp\/v2\/users\/1"}],"replies":[{"embeddable":true,"href":"https:\/\/ignacioprocacitto.com.ar\/sitio\/wp-json\/wp\/v2\/comments?post=3487"}],"version-history":[{"count":1,"href":"https:\/\/ignacioprocacitto.com.ar\/sitio\/wp-json\/wp\/v2\/posts\/3487\/revisions"}],"predecessor-version":[{"id":3500,"href":"https:\/\/ignacioprocacitto.com.ar\/sitio\/wp-json\/wp\/v2\/posts\/3487\/revisions\/3500"}],"wp:featuredmedia":[{"embeddable":true,"href":"https:\/\/ignacioprocacitto.com.ar\/sitio\/wp-json\/wp\/v2\/media\/3473"}],"wp:attachment":[{"href":"https:\/\/ignacioprocacitto.com.ar\/sitio\/wp-json\/wp\/v2\/media?parent=3487"}],"wp:term":[{"taxonomy":"category","embeddable":true,"href":"https:\/\/ignacioprocacitto.com.ar\/sitio\/wp-json\/wp\/v2\/categories?post=3487"},{"taxonomy":"post_tag","embeddable":true,"href":"https:\/\/ignacioprocacitto.com.ar\/sitio\/wp-json\/wp\/v2\/tags?post=3487"}],"curies":[{"name":"wp","href":"https:\/\/api.w.org\/{rel}","templated":true}]}}