{"id":3502,"date":"2022-09-25T13:43:00","date_gmt":"2022-09-25T16:43:00","guid":{"rendered":"https:\/\/ignacioprocacitto.com.ar\/sitio\/?p=3502"},"modified":"2022-10-12T13:43:59","modified_gmt":"2022-10-12T16:43:59","slug":"recorto-distancias-y-escalo-posiciones","status":"publish","type":"post","link":"https:\/\/ignacioprocacitto.com.ar\/sitio\/2022\/09\/25\/recorto-distancias-y-escalo-posiciones\/","title":{"rendered":"Recort\u00f3 distancias y escal\u00f3 posiciones"},"content":{"rendered":"\n<h2 class=\"wp-block-heading\"><strong>Ignacio Procacitto logr\u00f3 otro importante resultado en la Clase 2, ganando su serie y llegando 5\u00ba la final de Toay, La Pampa<\/strong><\/h2>\n\n\n\n<!--more-->\n\n\n\n<p>El rosense Ignacio Procacitto cumpli\u00f3 con la novena fecha del Turismo Nacional Clase 2, en Toay, La Pampa, sumando fuerte otra vez y pudiendo achicar la brecha con la cima de la tabla de posiciones, con tres eventos por disputarse.<\/p>\n\n\n\n<p>Luego de los entrenamientos, el equipo trabaj\u00f3 en la puesta a punto y se pudo lograr un s\u00e9ptimo lugar en la clasificaci\u00f3n general, pero no conformes, volvieron a retocar detalles para lograr un auto muy rendidor en la serie. En la tarde del s\u00e1bado, largando tercero en la primera carrera preliminar, el de Las Rosas atac\u00f3, qued\u00f3 segundo y poco despu\u00e9s fue por la punta y la captur\u00f3, para llevarse la victoria, que a la postre, fue la m\u00e1s veloz de las tres.<\/p>\n\n\n\n<p>Procacitto larg\u00f3 en primera ubicaci\u00f3n la carrera principal, pero con otra condici\u00f3n de pista, en lluvia, se hizo dif\u00edcil mantenerse porque el auto estaba m\u00e1s inestable que otros en ese tipo de suelo. As\u00ed y todo, pudo sostenerse y ver la bandera a cuadros en quinto lugar, y eso lo hizo subir en el certamen anual al cuarto puesto, a 52 unidades.<\/p>\n\n\n\n<p>\u2018Nachi\u2019 Procacitto, luego de la novena fecha, explic\u00f3: \u201cFue un buen finde, con una buena clasificaci\u00f3n y ganamos la serie que es importante porque se sumaron muchos puntos. En la final descontamos para el campeonato, avanzamos dos posiciones y la idea que tenemos en las pr\u00f3ximas dos fechas la idea descontar para llegar a Rosario con chances de pelear por el t\u00edtulo. Ese es el objetivo para lo que resta de la temporada\u201d.<\/p>\n\n\n\n<p>La pr\u00f3xima fecha ser\u00e1 el fin de semana del 16 de octubre en Trelew, Chubut.<\/p>\n","protected":false},"excerpt":{"rendered":"<p>Ignacio Procacitto logr\u00f3 otro importante resultado en la Clase 2, ganando su serie y llegando 5\u00ba la final de Toay, La Pampa<\/p>\n","protected":false},"author":1,"featured_media":3497,"comment_status":"open","ping_status":"closed","sticky":false,"template":"","format":"standard","meta":{"footnotes":""},"categories":[3],"tags":[],"class_list":["post-3502","post","type-post","status-publish","format-standard","has-post-thumbnail","hentry","category-novedades"],"_links":{"self":[{"href":"https:\/\/ignacioprocacitto.com.ar\/sitio\/wp-json\/wp\/v2\/posts\/3502","targetHints":{"allow":["GET"]}}],"collection":[{"href":"https:\/\/ignacioprocacitto.com.ar\/sitio\/wp-json\/wp\/v2\/posts"}],"about":[{"href":"https:\/\/ignacioprocacitto.com.ar\/sitio\/wp-json\/wp\/v2\/types\/post"}],"author":[{"embeddable":true,"href":"https:\/\/ignacioprocacitto.com.ar\/sitio\/wp-json\/wp\/v2\/users\/1"}],"replies":[{"embeddable":true,"href":"https:\/\/ignacioprocacitto.com.ar\/sitio\/wp-json\/wp\/v2\/comments?post=3502"}],"version-history":[{"count":1,"href":"https:\/\/ignacioprocacitto.com.ar\/sitio\/wp-json\/wp\/v2\/posts\/3502\/revisions"}],"predecessor-version":[{"id":3503,"href":"https:\/\/ignacioprocacitto.com.ar\/sitio\/wp-json\/wp\/v2\/posts\/3502\/revisions\/3503"}],"wp:featuredmedia":[{"embeddable":true,"href":"https:\/\/ignacioprocacitto.com.ar\/sitio\/wp-json\/wp\/v2\/media\/3497"}],"wp:attachment":[{"href":"https:\/\/ignacioprocacitto.com.ar\/sitio\/wp-json\/wp\/v2\/media?parent=3502"}],"wp:term":[{"taxonomy":"category","embeddable":true,"href":"https:\/\/ignacioprocacitto.com.ar\/sitio\/wp-json\/wp\/v2\/categories?post=3502"},{"taxonomy":"post_tag","embeddable":true,"href":"https:\/\/ignacioprocacitto.com.ar\/sitio\/wp-json\/wp\/v2\/tags?post=3502"}],"curies":[{"name":"wp","href":"https:\/\/api.w.org\/{rel}","templated":true}]}}