{"id":3506,"date":"2022-10-12T14:53:35","date_gmt":"2022-10-12T17:53:35","guid":{"rendered":"https:\/\/ignacioprocacitto.com.ar\/sitio\/?p=3506"},"modified":"2022-10-12T14:53:36","modified_gmt":"2022-10-12T17:53:36","slug":"otra-oportunidad-de-seguir-subiendo","status":"publish","type":"post","link":"https:\/\/ignacioprocacitto.com.ar\/sitio\/2022\/10\/12\/otra-oportunidad-de-seguir-subiendo\/","title":{"rendered":"Otra oportunidad de seguir subiendo"},"content":{"rendered":"\n<h2 class=\"wp-block-heading\"><strong>Ignacio Procacitto correr\u00e1 en Trelew, escenario donde supo andar bien en 2021 subiendo al podio<\/strong><\/h2>\n\n\n\n<!--more-->\n\n\n\n<p>El rosense Ignacio Procacitto va por otra carrera de protagonismo en la Clase 2 de Turismo Nacional, en lo que ser\u00e1 la d\u00e9cima cita del calendario. Con equipo propio, el Volkswagen Gol n\u00famero 6 ir\u00e1 por otro rendimiento de punta.<\/p>\n\n\n\n<p>Competir en el circuito chubutense, m\u00e1s all\u00e1 de la lejan\u00eda en kil\u00f3metros con Las Rosas, es auspicioso porque en la temporada pasada, \u2018Nachi\u2019 gan\u00f3 la serie m\u00e1s r\u00e1pida, y partiendo en pole position fue protagonista en toda la final, en la cual finaliz\u00f3 segundo. Ahora desde el cuarto puesto de la tabla, espera repetir o mejorar lo hecho para volver a acercarse a la cima del campeonato.<\/p>\n\n\n\n<p>\u201cEl auto fue puesto en el rolo para chequear el rendimiento y evaluar el potencial previo a ir a Trelew y luego se encar\u00f3 el traslado del semi al circuito. Ser\u00e1 el \u00faltimo viaje largo del a\u00f1o\u201d, detall\u00f3 Ignacio Procacitto, confiado en poder descontar otra vez en la pelea por el campeonato.<\/p>\n\n\n\n<p>El viernes iniciar\u00e1n los giros oficiales en pista, con entrenamientos y la primera clasificaci\u00f3n. Las grillas de las series se definir\u00e1n el s\u00e1bado por la ma\u00f1ana y se correr\u00e1n en la tarde a seis giros cada una. Se dar\u00e1 lugar a la final el domingo, a las 12.15, a 18 vueltas o 35 minutos en el escenario de 4.100 metros.<\/p>\n","protected":false},"excerpt":{"rendered":"<p>Ignacio Procacitto correr\u00e1 en Trelew, escenario donde supo andar bien en 2021 subiendo al podio<\/p>\n","protected":false},"author":1,"featured_media":3489,"comment_status":"open","ping_status":"closed","sticky":false,"template":"","format":"standard","meta":{"footnotes":""},"categories":[3],"tags":[],"class_list":["post-3506","post","type-post","status-publish","format-standard","has-post-thumbnail","hentry","category-novedades"],"_links":{"self":[{"href":"https:\/\/ignacioprocacitto.com.ar\/sitio\/wp-json\/wp\/v2\/posts\/3506","targetHints":{"allow":["GET"]}}],"collection":[{"href":"https:\/\/ignacioprocacitto.com.ar\/sitio\/wp-json\/wp\/v2\/posts"}],"about":[{"href":"https:\/\/ignacioprocacitto.com.ar\/sitio\/wp-json\/wp\/v2\/types\/post"}],"author":[{"embeddable":true,"href":"https:\/\/ignacioprocacitto.com.ar\/sitio\/wp-json\/wp\/v2\/users\/1"}],"replies":[{"embeddable":true,"href":"https:\/\/ignacioprocacitto.com.ar\/sitio\/wp-json\/wp\/v2\/comments?post=3506"}],"version-history":[{"count":1,"href":"https:\/\/ignacioprocacitto.com.ar\/sitio\/wp-json\/wp\/v2\/posts\/3506\/revisions"}],"predecessor-version":[{"id":3507,"href":"https:\/\/ignacioprocacitto.com.ar\/sitio\/wp-json\/wp\/v2\/posts\/3506\/revisions\/3507"}],"wp:featuredmedia":[{"embeddable":true,"href":"https:\/\/ignacioprocacitto.com.ar\/sitio\/wp-json\/wp\/v2\/media\/3489"}],"wp:attachment":[{"href":"https:\/\/ignacioprocacitto.com.ar\/sitio\/wp-json\/wp\/v2\/media?parent=3506"}],"wp:term":[{"taxonomy":"category","embeddable":true,"href":"https:\/\/ignacioprocacitto.com.ar\/sitio\/wp-json\/wp\/v2\/categories?post=3506"},{"taxonomy":"post_tag","embeddable":true,"href":"https:\/\/ignacioprocacitto.com.ar\/sitio\/wp-json\/wp\/v2\/tags?post=3506"}],"curies":[{"name":"wp","href":"https:\/\/api.w.org\/{rel}","templated":true}]}}