{"id":3508,"date":"2022-10-17T16:18:45","date_gmt":"2022-10-17T19:18:45","guid":{"rendered":"https:\/\/ignacioprocacitto.com.ar\/sitio\/?p=3508"},"modified":"2022-10-17T16:18:46","modified_gmt":"2022-10-17T19:18:46","slug":"la-peleo-pero-quedo-a-pie-en-la-final","status":"publish","type":"post","link":"https:\/\/ignacioprocacitto.com.ar\/sitio\/2022\/10\/17\/la-peleo-pero-quedo-a-pie-en-la-final\/","title":{"rendered":"La pele\u00f3 pero qued\u00f3 a pie en la final"},"content":{"rendered":"\n<h2 class=\"wp-block-heading\"><strong>Ignacio Procacitto no pudo sumar fuerte esta vez, luego de una carrera accidentada en Trelew, por la fecha 10<\/strong><\/h2>\n\n\n\n<!--more-->\n\n\n\n<p>El rosense Ignacio Procacitto termin\u00f3 prematuramente la final del Turismo Nacional Clase 2 en Trelew, con un trompo e incidente donde no pudo continuar. Hab\u00eda clasificado entre los cinco mejores y tras una buena serie, ten\u00eda perspectivas de sumar muchos puntos, algo que se desvaneci\u00f3.<\/p>\n\n\n\n<p>Clasificando cuarto, Procacitto quer\u00eda seguir de racha tras haber conseguido su primera victoria en San Nicol\u00e1s y el quinto puesto en Toay, y hab\u00eda auto como para aspirar a luchar por el podio. En la serie, \u2018Nachi\u2019 qued\u00f3 tecero, sin poder darle caza a los Etios, veh\u00edculos que dominaron el fin de semana.<\/p>\n\n\n\n<p>As\u00ed y todo, en la final el de Las Rosas empez\u00f3 dentro de los diez mejores y pudo ganar algo de terreno, pero el auto no estaba funcionando de la mejor forma y se produjo un trompo y accidente m\u00faltiple donde su Gol Trend qued\u00f3 herido y se termin\u00f3 la carrera con cuatro vueltas cumplidas.<\/p>\n\n\n\n<p>\u201cArrancamos con buen panorama, clasificando cuartos, y a la hora de la serie me super\u00f3 Abdala y no ten\u00eda para seguirlo. Los Etios este fin de semana estaban un escal\u00f3n por encima. Despu\u00e9s la final fue mala en el sentido de que no pudimos sumar, y quiz\u00e1 si no ten\u00edamos el despiste, podr\u00edamos haber sumado buenos puntos m\u00e1s all\u00e1 de que el auto ten\u00eda algunos inconvenientes\u201d, explic\u00f3 Procacitto.<\/p>\n\n\n\n<p>Y ampli\u00f3: \u201cFue un accidente raro, yo ya ven\u00eda complicado con el auto, pero entramos en trompo y se golpe\u00f3 el auto bastante. Aparentemente no son graves los da\u00f1os, pero a\u00fan tenemos que desarmar y analizar. Esperemos tener un buen auto para clasificar y un nivel acorde para correr las dos \u00faltimas en Buenos Aires y Rosario\u201d.<\/p>\n","protected":false},"excerpt":{"rendered":"<p>Ignacio Procacitto no pudo sumar fuerte esta vez, luego de una carrera accidentada en Trelew, por la fecha 10<\/p>\n","protected":false},"author":1,"featured_media":3524,"comment_status":"open","ping_status":"closed","sticky":false,"template":"","format":"standard","meta":{"footnotes":""},"categories":[3],"tags":[],"class_list":["post-3508","post","type-post","status-publish","format-standard","has-post-thumbnail","hentry","category-novedades"],"_links":{"self":[{"href":"https:\/\/ignacioprocacitto.com.ar\/sitio\/wp-json\/wp\/v2\/posts\/3508","targetHints":{"allow":["GET"]}}],"collection":[{"href":"https:\/\/ignacioprocacitto.com.ar\/sitio\/wp-json\/wp\/v2\/posts"}],"about":[{"href":"https:\/\/ignacioprocacitto.com.ar\/sitio\/wp-json\/wp\/v2\/types\/post"}],"author":[{"embeddable":true,"href":"https:\/\/ignacioprocacitto.com.ar\/sitio\/wp-json\/wp\/v2\/users\/1"}],"replies":[{"embeddable":true,"href":"https:\/\/ignacioprocacitto.com.ar\/sitio\/wp-json\/wp\/v2\/comments?post=3508"}],"version-history":[{"count":1,"href":"https:\/\/ignacioprocacitto.com.ar\/sitio\/wp-json\/wp\/v2\/posts\/3508\/revisions"}],"predecessor-version":[{"id":3540,"href":"https:\/\/ignacioprocacitto.com.ar\/sitio\/wp-json\/wp\/v2\/posts\/3508\/revisions\/3540"}],"wp:featuredmedia":[{"embeddable":true,"href":"https:\/\/ignacioprocacitto.com.ar\/sitio\/wp-json\/wp\/v2\/media\/3524"}],"wp:attachment":[{"href":"https:\/\/ignacioprocacitto.com.ar\/sitio\/wp-json\/wp\/v2\/media?parent=3508"}],"wp:term":[{"taxonomy":"category","embeddable":true,"href":"https:\/\/ignacioprocacitto.com.ar\/sitio\/wp-json\/wp\/v2\/categories?post=3508"},{"taxonomy":"post_tag","embeddable":true,"href":"https:\/\/ignacioprocacitto.com.ar\/sitio\/wp-json\/wp\/v2\/tags?post=3508"}],"curies":[{"name":"wp","href":"https:\/\/api.w.org\/{rel}","templated":true}]}}