{"id":3550,"date":"2022-10-31T18:57:17","date_gmt":"2022-10-31T21:57:17","guid":{"rendered":"https:\/\/ignacioprocacitto.com.ar\/sitio\/?p=3550"},"modified":"2022-11-01T17:45:20","modified_gmt":"2022-11-01T20:45:20","slug":"procacitto-y-badaracco-un-duo-que-buscara-sobresalir-entre-los-200-pilotos","status":"publish","type":"post","link":"https:\/\/ignacioprocacitto.com.ar\/sitio\/2022\/10\/31\/procacitto-y-badaracco-un-duo-que-buscara-sobresalir-entre-los-200-pilotos\/","title":{"rendered":"Procacitto y Badaracco, un d\u00fao que buscar\u00e1 sobresalir entre los 200 pilotos"},"content":{"rendered":"\n<h2 class=\"wp-block-heading\"><strong>El rosense afrontar\u00e1 la fecha especial del TN Clase 2 en Buenos Aires, donde compartir\u00e1 su auto buscando destacarse<\/strong><\/h2>\n\n\n\n<!--more-->\n\n\n\n<p>La und\u00e9cima fecha del Turismo Nacional ser\u00e1 la Carrera de los 200 Pilotos en Buenos Aires, donde Ignacio Procacitto invit\u00f3 a Mart\u00edn Badaracco para compartir la conducci\u00f3n del Volkswagen Gol Trend n\u00famero 6. La pen\u00faltima fecha de la Clase 2 tendr\u00e1 caracter\u00edsticas diferentes, y una responsabilidad enorme.<\/p>\n\n\n\n<p>D\u00edas atr\u00e1s, el Procacitto Racing llev\u00f3 a cabo un ensayo en San Nicol\u00e1s, donde \u2018Nachi\u2019 y Mart\u00edn se subieron al Gol para medirse de cara a lo que ser\u00e1 la cita en la Capital Federal. El aut\u00f3dromo \u2018Oscar y Juan G\u00e1lvez\u2019 espera un gran marco de p\u00fablico y en la lucha por terminar bien arriba en la tabla anual, tanto Procacitto como Badaracco ir\u00e1n por un gran resultado, tanto en la carrera para invitados como la de pilotos titulares.<\/p>\n\n\n\n<p>\u201cLlegamos con los trabajos justos, la verdad es que el auto est\u00e1 desarmado todav\u00eda en la parte posterior por el accidente de Trelew. Pusimos el auto en pista para que gire Mart\u00edn Badaracco, nuestro invitado para la Carrera de los 200 Pilotos pero ahora estamos con los detalles. Se termin\u00f3 de pintar este fin de semana y luego se encamin\u00f3 el armado. Vamos a ver si llegamos a pasar por el rolo antes de ir e instalarnos el jueves en el aut\u00f3dromo de Buenos Aires. Queremos que sea una carrera prolija tanto de Mart\u00edn como para m\u00ed, y poder sumar, algo que no pudimos hacer en la fecha pasada\u201d, manifest\u00f3 Ignacio Procacitto.<\/p>\n\n\n\n<figure class=\"wp-block-image size-full\"><img fetchpriority=\"high\" decoding=\"async\" width=\"943\" height=\"936\" src=\"https:\/\/ignacioprocacitto.com.ar\/sitio\/wp-content\/uploads\/2022\/11\/Martin-Badaracco.jpeg\" alt=\"\" class=\"wp-image-3552\" srcset=\"https:\/\/ignacioprocacitto.com.ar\/sitio\/wp-content\/uploads\/2022\/11\/Martin-Badaracco.jpeg 943w, https:\/\/ignacioprocacitto.com.ar\/sitio\/wp-content\/uploads\/2022\/11\/Martin-Badaracco-300x298.jpeg 300w, https:\/\/ignacioprocacitto.com.ar\/sitio\/wp-content\/uploads\/2022\/11\/Martin-Badaracco-150x150.jpeg 150w, https:\/\/ignacioprocacitto.com.ar\/sitio\/wp-content\/uploads\/2022\/11\/Martin-Badaracco-768x762.jpeg 768w\" sizes=\"(max-width: 943px) 100vw, 943px\" \/><\/figure>\n\n\n\n<p>Por su parte, Mart\u00edn Badaracco expres\u00f3: \u201cEstoy muy contento y agradecido a Nachi y su familia por confiar en nosotros que hace un tiempito que estamos fuera de las pistas. Ya hab\u00edamos hablado en 2020 cuando se iba a hacer y nos hab\u00edamos puesto en contacto. Con la pandemia se cort\u00f3 todo y cuando sali\u00f3 este a\u00f1o la oportunidad, pensaba que Procacitto iba a buscar otro piloto porque yo no estoy activo, pero \u00e9l decidi\u00f3 que corra con \u00e9l. Volver a nivel nacional y debutar en el Turismo Nacional es algo que siempre quise y se va a dar la oportunidad. Quiero estar a la altura de las circunstancias y ayudar a sumar puntos a Nachi para el campeonato. Las expectativas son de andar lo mejor posible, sabiendo que hay invitados de muy buen nivel pero s\u00e9 del auto que tenemos y lo bien que funciona \u00e9l. En la prueba qued\u00e9 muy contento porque despu\u00e9s de casi un a\u00f1o subirme a un auto de carreras y sentirme vigente me hizo quedar bien, dando muchas vueltas en pista. Estoy ansioso por lo que va a ser el fin de semana\u201d.<\/p>\n\n\n\n<p>La actividad constar\u00e1 de cinco entrenamientos y una prueba de clasificaci\u00f3n, repartidas entre viernes y s\u00e1bado. El domingo ser\u00e1 el plato fuerte con la carrera de invitados a las 10.08, a 12 vueltas, mientras que a las 12.15 ser\u00e1 la de pilotos titulares, a 16 giros en el circuito 8, de 3.337 metros.<\/p>\n","protected":false},"excerpt":{"rendered":"<p>El rosense afrontar\u00e1 la fecha especial del TN Clase 2 en Buenos Aires, donde compartir\u00e1 su auto buscando destacarse<\/p>\n","protected":false},"author":1,"featured_media":3544,"comment_status":"open","ping_status":"closed","sticky":false,"template":"","format":"standard","meta":{"footnotes":""},"categories":[3],"tags":[],"class_list":["post-3550","post","type-post","status-publish","format-standard","has-post-thumbnail","hentry","category-novedades"],"_links":{"self":[{"href":"https:\/\/ignacioprocacitto.com.ar\/sitio\/wp-json\/wp\/v2\/posts\/3550","targetHints":{"allow":["GET"]}}],"collection":[{"href":"https:\/\/ignacioprocacitto.com.ar\/sitio\/wp-json\/wp\/v2\/posts"}],"about":[{"href":"https:\/\/ignacioprocacitto.com.ar\/sitio\/wp-json\/wp\/v2\/types\/post"}],"author":[{"embeddable":true,"href":"https:\/\/ignacioprocacitto.com.ar\/sitio\/wp-json\/wp\/v2\/users\/1"}],"replies":[{"embeddable":true,"href":"https:\/\/ignacioprocacitto.com.ar\/sitio\/wp-json\/wp\/v2\/comments?post=3550"}],"version-history":[{"count":2,"href":"https:\/\/ignacioprocacitto.com.ar\/sitio\/wp-json\/wp\/v2\/posts\/3550\/revisions"}],"predecessor-version":[{"id":3554,"href":"https:\/\/ignacioprocacitto.com.ar\/sitio\/wp-json\/wp\/v2\/posts\/3550\/revisions\/3554"}],"wp:featuredmedia":[{"embeddable":true,"href":"https:\/\/ignacioprocacitto.com.ar\/sitio\/wp-json\/wp\/v2\/media\/3544"}],"wp:attachment":[{"href":"https:\/\/ignacioprocacitto.com.ar\/sitio\/wp-json\/wp\/v2\/media?parent=3550"}],"wp:term":[{"taxonomy":"category","embeddable":true,"href":"https:\/\/ignacioprocacitto.com.ar\/sitio\/wp-json\/wp\/v2\/categories?post=3550"},{"taxonomy":"post_tag","embeddable":true,"href":"https:\/\/ignacioprocacitto.com.ar\/sitio\/wp-json\/wp\/v2\/tags?post=3550"}],"curies":[{"name":"wp","href":"https:\/\/api.w.org\/{rel}","templated":true}]}}