{"id":3555,"date":"2022-11-07T17:52:06","date_gmt":"2022-11-07T20:52:06","guid":{"rendered":"https:\/\/ignacioprocacitto.com.ar\/sitio\/?p=3555"},"modified":"2022-11-07T17:52:07","modified_gmt":"2022-11-07T20:52:07","slug":"procacitto-y-badaracco-ganaron-entre-los-200-pilotos","status":"publish","type":"post","link":"https:\/\/ignacioprocacitto.com.ar\/sitio\/2022\/11\/07\/procacitto-y-badaracco-ganaron-entre-los-200-pilotos\/","title":{"rendered":"<strong>Procacitto y Badaracco ganaron entre los 200 pilotos<\/strong>"},"content":{"rendered":"\n<h2 class=\"wp-block-heading\"><strong>El Procacitto Racing result\u00f3 ganador de la fecha especial de Clase 2 con invitados en el aut\u00f3dromo de Buenos Aires<\/strong><\/h2>\n\n\n\n<!--more-->\n\n\n\n<p>La pen\u00faltima fecha de la temporada result\u00f3 magistral para Ignacio Procacitto y su invitado Mart\u00edn Badaracco, porque se adjudicaron la Carrera de los 200 Pilotos del Turismo Nacional, en la Clase 2. Con un aut\u00f3dromo \u2018Oscar y Juan G\u00e1lvez\u2019 de Buenos Aires repleto, con 50 mil personas, el Volkswagen Gol Trend n\u00famero 6 que se alista en Las Rosas termin\u00f3 en lo m\u00e1s alto.<\/p>\n\n\n\n<p>Tras los entrenamientos, las sensaciones eran positivas y eso se traslad\u00f3 a las pruebas de clasificaci\u00f3n, donde Procacitto qued\u00f3 sexto, algo bueno pero no totalmente contundente frente a otros rivales. Con el gran trabajo del equipo, con Cristian Galasso en la direcci\u00f3n t\u00e9cnica del chasis y el motor de los hermanos Riva, se encar\u00f3 el domingo con buenas perspectivas.<\/p>\n\n\n\n<p>La primera final, para pilotos invitados, vio a Mart\u00edn Badaracco corriendo en excelente modo, porque largando en tercera fila pudo superar a varios pilotos y as\u00ed hacerse del tercer puesto, que conserv\u00f3 defendi\u00e9ndose sobre el final. A pesar de los riesgos, sali\u00f3 una competencia limpia y productiva porque en ese tercer lugar qued\u00f3 \u2018Nachi\u2019 para largar la parte final, la carrera de los titulares.<\/p>\n\n\n\n<p>Procacitto movi\u00f3 muy bien en la partida de su competencia, pas\u00f3 a ser segundo y tuvo una dura pelea con Marcelo Guevara, a quien dobleg\u00f3 en la curva uno. Despu\u00e9s Ignacio marc\u00f3 diferencias ante el resto, pero una neutralizaci\u00f3n puso en peligro la vanguardia. No obstante, la carrera se relanz\u00f3 y el rosense nunca perdi\u00f3 la punta, y coron\u00f3 el domingo ganando su segunda final del a\u00f1o y en su historial dentro del TN.<\/p>\n\n\n\n<figure class=\"wp-block-image size-large\"><img fetchpriority=\"high\" decoding=\"async\" width=\"1024\" height=\"683\" src=\"https:\/\/ignacioprocacitto.com.ar\/sitio\/wp-content\/uploads\/2022\/11\/Procacitto-Racing-3-DOM-28-1024x683.jpeg\" alt=\"\" class=\"wp-image-3557\" srcset=\"https:\/\/ignacioprocacitto.com.ar\/sitio\/wp-content\/uploads\/2022\/11\/Procacitto-Racing-3-DOM-28-1024x683.jpeg 1024w, https:\/\/ignacioprocacitto.com.ar\/sitio\/wp-content\/uploads\/2022\/11\/Procacitto-Racing-3-DOM-28-300x200.jpeg 300w, https:\/\/ignacioprocacitto.com.ar\/sitio\/wp-content\/uploads\/2022\/11\/Procacitto-Racing-3-DOM-28-768x512.jpeg 768w, https:\/\/ignacioprocacitto.com.ar\/sitio\/wp-content\/uploads\/2022\/11\/Procacitto-Racing-3-DOM-28-1536x1024.jpeg 1536w, https:\/\/ignacioprocacitto.com.ar\/sitio\/wp-content\/uploads\/2022\/11\/Procacitto-Racing-3-DOM-28.jpeg 1600w\" sizes=\"(max-width: 1024px) 100vw, 1024px\" \/><\/figure>\n\n\n\n<p>\u201cMe emociono porque quer\u00eda llegar a Rosario con chances de salir campe\u00f3n pero en este a\u00f1o tan complejo, tener dos victorias es incre\u00edble e iremos a la \u00faltima a disfrutar. Agradezco a todo el Procacitto Racing y a Mart\u00edn Badaracco que acept\u00f3 la invitaci\u00f3n e hizo un gran trabajo. Sab\u00edamos de sus condiciones y las demostr\u00f3\u201d, asegur\u00f3 Procacitto.<\/p>\n\n\n\n<p>Y complet\u00f3: \u201cSaludo a mi mam\u00e1, a mi abuela, y no dejo de recordar nunca a Leonel, lo extra\u00f1amos todos los d\u00edas, pero sabemos que \u00e9l est\u00e1; gracias a mi hermana, mi pap\u00e1, mi novia, a toda la gente del equipo y a los que nos acompa\u00f1an siempre, sponsors, amigos. Veremos qu\u00e9 nos depara el 2023\u201d.<\/p>\n\n\n\n<p>Por su lado, Mart\u00edn Badaracco expres\u00f3: \u201cQuiero agradecer a Nachi y a su familia la confianza que tuvieron en m\u00ed, porque faltando dos fechas y peleando un campeonato, apostar a m\u00ed que estaba casi retirado del automovilismo. No puedo creer este podio, pero sab\u00eda mis puntos d\u00e9biles y los puntos fuertes del auto y creo que pudimos hacer un buen debut en el TN\u201d.<\/p>\n\n\n\n<p>La \u00faltima fecha ser\u00e1 el fin de semana del 27 de noviembre en el aut\u00f3dromo \u2018Juan Manuel Fangio\u2019 de Rosario.<\/p>\n","protected":false},"excerpt":{"rendered":"<p>El Procacitto Racing result\u00f3 ganador de la fecha especial de Clase 2 con invitados en el aut\u00f3dromo de Buenos Aires<\/p>\n","protected":false},"author":1,"featured_media":3556,"comment_status":"open","ping_status":"closed","sticky":false,"template":"","format":"standard","meta":{"footnotes":""},"categories":[3],"tags":[],"class_list":["post-3555","post","type-post","status-publish","format-standard","has-post-thumbnail","hentry","category-novedades"],"_links":{"self":[{"href":"https:\/\/ignacioprocacitto.com.ar\/sitio\/wp-json\/wp\/v2\/posts\/3555","targetHints":{"allow":["GET"]}}],"collection":[{"href":"https:\/\/ignacioprocacitto.com.ar\/sitio\/wp-json\/wp\/v2\/posts"}],"about":[{"href":"https:\/\/ignacioprocacitto.com.ar\/sitio\/wp-json\/wp\/v2\/types\/post"}],"author":[{"embeddable":true,"href":"https:\/\/ignacioprocacitto.com.ar\/sitio\/wp-json\/wp\/v2\/users\/1"}],"replies":[{"embeddable":true,"href":"https:\/\/ignacioprocacitto.com.ar\/sitio\/wp-json\/wp\/v2\/comments?post=3555"}],"version-history":[{"count":1,"href":"https:\/\/ignacioprocacitto.com.ar\/sitio\/wp-json\/wp\/v2\/posts\/3555\/revisions"}],"predecessor-version":[{"id":3558,"href":"https:\/\/ignacioprocacitto.com.ar\/sitio\/wp-json\/wp\/v2\/posts\/3555\/revisions\/3558"}],"wp:featuredmedia":[{"embeddable":true,"href":"https:\/\/ignacioprocacitto.com.ar\/sitio\/wp-json\/wp\/v2\/media\/3556"}],"wp:attachment":[{"href":"https:\/\/ignacioprocacitto.com.ar\/sitio\/wp-json\/wp\/v2\/media?parent=3555"}],"wp:term":[{"taxonomy":"category","embeddable":true,"href":"https:\/\/ignacioprocacitto.com.ar\/sitio\/wp-json\/wp\/v2\/categories?post=3555"},{"taxonomy":"post_tag","embeddable":true,"href":"https:\/\/ignacioprocacitto.com.ar\/sitio\/wp-json\/wp\/v2\/tags?post=3555"}],"curies":[{"name":"wp","href":"https:\/\/api.w.org\/{rel}","templated":true}]}}