{"id":3600,"date":"2022-11-22T20:10:01","date_gmt":"2022-11-22T23:10:01","guid":{"rendered":"https:\/\/ignacioprocacitto.com.ar\/sitio\/?p=3600"},"modified":"2022-11-22T20:10:03","modified_gmt":"2022-11-22T23:10:03","slug":"tras-ganar-correra-junto-a-su-gente","status":"publish","type":"post","link":"https:\/\/ignacioprocacitto.com.ar\/sitio\/2022\/11\/22\/tras-ganar-correra-junto-a-su-gente\/","title":{"rendered":"<strong>Tras ganar, correr\u00e1 junto a su gente<\/strong>"},"content":{"rendered":"\n<h2 class=\"wp-block-heading\">Ignacio Procacitto culminar\u00e1 la temporada 2022 de Clase 2 este fin de semana en Rosario, y espera otro buen resultado<\/h2>\n\n\n\n<!--more-->\n\n\n\n<p>La impactante victoria en Buenos Aires en la Carrera de los 200 Pilotos, le dio a Ignacio Procacitto la seguridad de que deportivamente, fue su mejor a\u00f1o en el Turismo Nacional. Haber estado en lo m\u00e1s alto del podio tras compartir el auto con Mart\u00edn Badaracco fue una superaci\u00f3n del Procacitto Racing, que ya hab\u00eda ganado en San Nicol\u00e1s y que ahora espera terminar lo m\u00e1s alto posible en el campeonato. Este fin de semana en Rosario, muy cerca de Las Rosas, ser\u00e1 la conclusi\u00f3n del calendario.<\/p>\n\n\n\n<p>Si bien el certamen de pilotos ya se defini\u00f3, el subcampeonato est\u00e1 en juego y apenas siete puntos y medio separan al representante de Las Rosas del segundo puesto en la tabla, algo que ser\u00eda muy superador al n\u00famero 6 del 2021. Todo esto, para Ignacio es muy importante, sea como transcurran las cosas, en un a\u00f1o donde no estuvo presente en dos citas. As\u00ed y todo, es el \u00fanico que repiti\u00f3 triunfos en un TN muy parejo y dif\u00edcil.<\/p>\n\n\n\n<p>\u201cViene todo tranquilo, acomodando el auto y se revis\u00f3 todo para correr con 65 kilos de lastre en Rosario. No va a ser sencillo pero vamos esperanzados en que sea un buen fin de semana para nosotros, donde va a venir mucha gente y esperemos que se pueda disfrutar. Queremos terminar bien este a\u00f1o que nos dio mucho en lo deportivo y queremos que la \u00faltima fecha se nos d\u00e9 de la mejor manera\u201d.<\/p>\n\n\n\n<p>El TN en Rosario ser\u00e1 un evento de mucha cercan\u00eda para el entorno de Procacitto, y la actividad ser\u00e1 intensa el viernes, con dos entrenamientos y una prueba de clasificaci\u00f3n por la tarde, que definir\u00e1 el ordenamiento de las series del s\u00e1bado. El d\u00eda 26, las bater\u00edas ser\u00e1n por la ma\u00f1ana, 9.30, 10 y 10.40, a seis vueltas cada una. La final, en horario m\u00e1s tradicional, se disputar\u00e1 el domingo 27 a las 12.35 a 16 giros o 35 minutos, por Am\u00e9rica TV.<\/p>\n","protected":false},"excerpt":{"rendered":"<p>Ignacio Procacitto culminar\u00e1 la temporada 2022 de Clase 2 este fin de semana en Rosario, y espera otro buen resultado<\/p>\n","protected":false},"author":1,"featured_media":3579,"comment_status":"open","ping_status":"closed","sticky":false,"template":"","format":"standard","meta":{"footnotes":""},"categories":[3],"tags":[],"class_list":["post-3600","post","type-post","status-publish","format-standard","has-post-thumbnail","hentry","category-novedades"],"_links":{"self":[{"href":"https:\/\/ignacioprocacitto.com.ar\/sitio\/wp-json\/wp\/v2\/posts\/3600","targetHints":{"allow":["GET"]}}],"collection":[{"href":"https:\/\/ignacioprocacitto.com.ar\/sitio\/wp-json\/wp\/v2\/posts"}],"about":[{"href":"https:\/\/ignacioprocacitto.com.ar\/sitio\/wp-json\/wp\/v2\/types\/post"}],"author":[{"embeddable":true,"href":"https:\/\/ignacioprocacitto.com.ar\/sitio\/wp-json\/wp\/v2\/users\/1"}],"replies":[{"embeddable":true,"href":"https:\/\/ignacioprocacitto.com.ar\/sitio\/wp-json\/wp\/v2\/comments?post=3600"}],"version-history":[{"count":1,"href":"https:\/\/ignacioprocacitto.com.ar\/sitio\/wp-json\/wp\/v2\/posts\/3600\/revisions"}],"predecessor-version":[{"id":3601,"href":"https:\/\/ignacioprocacitto.com.ar\/sitio\/wp-json\/wp\/v2\/posts\/3600\/revisions\/3601"}],"wp:featuredmedia":[{"embeddable":true,"href":"https:\/\/ignacioprocacitto.com.ar\/sitio\/wp-json\/wp\/v2\/media\/3579"}],"wp:attachment":[{"href":"https:\/\/ignacioprocacitto.com.ar\/sitio\/wp-json\/wp\/v2\/media?parent=3600"}],"wp:term":[{"taxonomy":"category","embeddable":true,"href":"https:\/\/ignacioprocacitto.com.ar\/sitio\/wp-json\/wp\/v2\/categories?post=3600"},{"taxonomy":"post_tag","embeddable":true,"href":"https:\/\/ignacioprocacitto.com.ar\/sitio\/wp-json\/wp\/v2\/tags?post=3600"}],"curies":[{"name":"wp","href":"https:\/\/api.w.org\/{rel}","templated":true}]}}