{"id":3602,"date":"2022-11-27T22:50:01","date_gmt":"2022-11-28T01:50:01","guid":{"rendered":"https:\/\/ignacioprocacitto.com.ar\/sitio\/?p=3602"},"modified":"2022-11-27T22:50:02","modified_gmt":"2022-11-28T01:50:02","slug":"ignacio-procacitto-finalizo-3o-en-el-certamen","status":"publish","type":"post","link":"https:\/\/ignacioprocacitto.com.ar\/sitio\/2022\/11\/27\/ignacio-procacitto-finalizo-3o-en-el-certamen\/","title":{"rendered":"<strong>Ignacio Procacitto finaliz\u00f3 3\u00ba en el certamen<\/strong>"},"content":{"rendered":"\n<h2 class=\"wp-block-heading\">El rosense cumpli\u00f3 una destacada labor en Rosario y con el octavo lugar de la \u00faltima final del a\u00f1o, termin\u00f3 en el podio del campeonato<\/h2>\n\n\n\n<!--more-->\n\n\n\n<p>El rosense Ignacio Procacitto fue inteligente en Rosario y lleg\u00f3 octavo en la \u00faltima fecha del Turismo Nacional Clase 2. Estos resultados lo depositaron en un fant\u00e1stico tercer puesto en la temporada, donde corriendo diez de las doce fechas, ganando dos, m\u00e1s que cualquier otro piloto.<\/p>\n\n\n\n<p>Con 65 kilos de lastre, las posibilidades de ser protagonista en un escenario trabado como el de Rosario eran pocas. Clasificando lejos, atr\u00e1s de la mitad de tabla, \u2018Nachi\u2019 sali\u00f3 a remontar y luego de ser s\u00e9ptimo en la serie, apost\u00f3 a ser prolijo en la final. Teniendo un auto competitivo, solamente penado por el peso extra, Procacitto avanz\u00f3 y aprovech\u00f3 cada error rival para sostenerse en pista y concluir octavo.<\/p>\n\n\n\n<p>\u201cPudimos sacar una final adelante y un buen domingo para nosotros. Sumamos los puntos necesarios para terminar terceros en el campeonato, y es gran m\u00e9rito de todo el trabajo del equipo: los hermanos Riva en el motor, Cristian Galasso en el chasis y todos los mec\u00e1nicos que cada fecha dieron lo mejor. Fue un gran esfuerzo de mi familia tambi\u00e9n y cerramos un gran a\u00f1o en el Turismo Nacional, aguardando las pr\u00f3ximas semanas para ver qu\u00e9 nos deparar\u00e1 en 2023. Nos vamos de Rosario con un saldo muy positivo, cumpliendo con creces las expectativas porque con el auto tan pesado no pod\u00edamos hacer todo lo que quer\u00edamos\u201d, analiz\u00f3 Procacitto.<\/p>\n\n\n\n<p>El Procacitto Racing tiene en venta el Volkswagen Gol con el cual ganaron m\u00e1s que nadie en este 2022, y de ello depender\u00e1 el proyecto 2023, el de llegar a la Clase 3. La pr\u00f3xima temporada arrancar\u00e1 el fin de semana del 19 de febrero.<\/p>\n","protected":false},"excerpt":{"rendered":"<p>El rosense cumpli\u00f3 una destacada labor en Rosario y con el octavo lugar de la \u00faltima final del a\u00f1o, termin\u00f3 en el podio del campeonato<\/p>\n","protected":false},"author":1,"featured_media":3617,"comment_status":"open","ping_status":"closed","sticky":false,"template":"","format":"standard","meta":{"footnotes":""},"categories":[3],"tags":[],"class_list":["post-3602","post","type-post","status-publish","format-standard","has-post-thumbnail","hentry","category-novedades"],"_links":{"self":[{"href":"https:\/\/ignacioprocacitto.com.ar\/sitio\/wp-json\/wp\/v2\/posts\/3602","targetHints":{"allow":["GET"]}}],"collection":[{"href":"https:\/\/ignacioprocacitto.com.ar\/sitio\/wp-json\/wp\/v2\/posts"}],"about":[{"href":"https:\/\/ignacioprocacitto.com.ar\/sitio\/wp-json\/wp\/v2\/types\/post"}],"author":[{"embeddable":true,"href":"https:\/\/ignacioprocacitto.com.ar\/sitio\/wp-json\/wp\/v2\/users\/1"}],"replies":[{"embeddable":true,"href":"https:\/\/ignacioprocacitto.com.ar\/sitio\/wp-json\/wp\/v2\/comments?post=3602"}],"version-history":[{"count":1,"href":"https:\/\/ignacioprocacitto.com.ar\/sitio\/wp-json\/wp\/v2\/posts\/3602\/revisions"}],"predecessor-version":[{"id":3627,"href":"https:\/\/ignacioprocacitto.com.ar\/sitio\/wp-json\/wp\/v2\/posts\/3602\/revisions\/3627"}],"wp:featuredmedia":[{"embeddable":true,"href":"https:\/\/ignacioprocacitto.com.ar\/sitio\/wp-json\/wp\/v2\/media\/3617"}],"wp:attachment":[{"href":"https:\/\/ignacioprocacitto.com.ar\/sitio\/wp-json\/wp\/v2\/media?parent=3602"}],"wp:term":[{"taxonomy":"category","embeddable":true,"href":"https:\/\/ignacioprocacitto.com.ar\/sitio\/wp-json\/wp\/v2\/categories?post=3602"},{"taxonomy":"post_tag","embeddable":true,"href":"https:\/\/ignacioprocacitto.com.ar\/sitio\/wp-json\/wp\/v2\/tags?post=3602"}],"curies":[{"name":"wp","href":"https:\/\/api.w.org\/{rel}","templated":true}]}}