{"id":3630,"date":"2023-03-29T14:10:56","date_gmt":"2023-03-29T17:10:56","guid":{"rendered":"https:\/\/ignacioprocacitto.com.ar\/sitio\/?p=3630"},"modified":"2023-03-29T14:10:58","modified_gmt":"2023-03-29T17:10:58","slug":"pablo-ortega-llega-al-procacitto-racing","status":"publish","type":"post","link":"https:\/\/ignacioprocacitto.com.ar\/sitio\/2023\/03\/29\/pablo-ortega-llega-al-procacitto-racing\/","title":{"rendered":"<strong>Pablo Ortega llega al Procacitto Racing<\/strong>"},"content":{"rendered":"\n<p>El piloto tucumano conducir\u00e1 el Volkswagen Gol Trend que se alista en la ciudad de Las Rosas, Santa Fe<\/p>\n\n\n\n<!--more-->\n\n\n\n<p>El equipo rosense Procacitto Racing estar\u00e1 nuevamente en el Turismo Nacional, pero con nuevo piloto debido a que Pablo Ortega confirm\u00f3 que se subir\u00e1 al Volkswagen Gol Trend que llev\u00f3 a Ignacio Procacitto a ganar dos carreras en 2022, siendo el m\u00e1s ganador del Turismo Nacional Clase 2 en el calendario anterior.<\/p>\n\n\n\n<p>Manteniendo el auto en las mismas condiciones, tanto t\u00e9cnicas como de atenci\u00f3n en pista, hay mucha fe en poder ser protagonistas. Cristian Galasso dirige t\u00e9cnicamente el equipo de la familia Procacitto con base en Las Rosas, mientras que los motores son provistos por los hermanos Riva de Casilda.<\/p>\n\n\n\n<p>&#8220;Ya est\u00e1 confirmado. Voy con el Gol Trend de Procacitto Racing, con la atenci\u00f3n de su propio equipo y asistencia de Cristian Galasso como ten\u00eda Ignacio el a\u00f1o pasado. Las expectativas son s\u00faper positivas, soy muy optimista como siempre. No pudimos hacer una prueba en San Nicol\u00e1s por no estar disponible a\u00fan, pero tengo confianza porque el auto termin\u00f3 andando muy bien el a\u00f1o pasado y no deber\u00eda tener ning\u00fan problema para andar adelante. Ahora estaban renegando con la posici\u00f3n de manejo para hacerme entrar a m\u00ed por el largo, pero acomodado eso creo que tendremos un buen fin de semana en Paran\u00e1&#8221;, manifest\u00f3 el tucumano, piloto que sabe lo que es ganar en el TN y querr\u00e1 reencontrarse con el protagonismo.<\/p>\n\n\n\n<figure class=\"wp-block-image size-full\"><img fetchpriority=\"high\" decoding=\"async\" width=\"882\" height=\"728\" src=\"https:\/\/ignacioprocacitto.com.ar\/sitio\/wp-content\/uploads\/2023\/03\/Pablo-Ortega-Procacitto-Racing-2023-2.jpeg\" alt=\"\" class=\"wp-image-3632\" srcset=\"https:\/\/ignacioprocacitto.com.ar\/sitio\/wp-content\/uploads\/2023\/03\/Pablo-Ortega-Procacitto-Racing-2023-2.jpeg 882w, https:\/\/ignacioprocacitto.com.ar\/sitio\/wp-content\/uploads\/2023\/03\/Pablo-Ortega-Procacitto-Racing-2023-2-300x248.jpeg 300w, https:\/\/ignacioprocacitto.com.ar\/sitio\/wp-content\/uploads\/2023\/03\/Pablo-Ortega-Procacitto-Racing-2023-2-768x634.jpeg 768w\" sizes=\"(max-width: 882px) 100vw, 882px\" \/><\/figure>\n\n\n\n<p>Pablo Ortega ha ganado dos veces en el TN, ambas con Fiat, y en esta oportunidad tendr\u00e1 la chance de intentarlo con Volkswagen, desde la tercera fecha del calendario que ser\u00e1 el fin de semana del 9 de abril en Paran\u00e1, Entre R\u00edos.<\/p>\n","protected":false},"excerpt":{"rendered":"<p>El piloto tucumano conducir\u00e1 el Volkswagen Gol Trend que se alista en la ciudad de Las Rosas, Santa Fe<\/p>\n","protected":false},"author":1,"featured_media":3631,"comment_status":"open","ping_status":"closed","sticky":false,"template":"","format":"standard","meta":{"footnotes":""},"categories":[3],"tags":[],"class_list":["post-3630","post","type-post","status-publish","format-standard","has-post-thumbnail","hentry","category-novedades"],"_links":{"self":[{"href":"https:\/\/ignacioprocacitto.com.ar\/sitio\/wp-json\/wp\/v2\/posts\/3630","targetHints":{"allow":["GET"]}}],"collection":[{"href":"https:\/\/ignacioprocacitto.com.ar\/sitio\/wp-json\/wp\/v2\/posts"}],"about":[{"href":"https:\/\/ignacioprocacitto.com.ar\/sitio\/wp-json\/wp\/v2\/types\/post"}],"author":[{"embeddable":true,"href":"https:\/\/ignacioprocacitto.com.ar\/sitio\/wp-json\/wp\/v2\/users\/1"}],"replies":[{"embeddable":true,"href":"https:\/\/ignacioprocacitto.com.ar\/sitio\/wp-json\/wp\/v2\/comments?post=3630"}],"version-history":[{"count":1,"href":"https:\/\/ignacioprocacitto.com.ar\/sitio\/wp-json\/wp\/v2\/posts\/3630\/revisions"}],"predecessor-version":[{"id":3633,"href":"https:\/\/ignacioprocacitto.com.ar\/sitio\/wp-json\/wp\/v2\/posts\/3630\/revisions\/3633"}],"wp:featuredmedia":[{"embeddable":true,"href":"https:\/\/ignacioprocacitto.com.ar\/sitio\/wp-json\/wp\/v2\/media\/3631"}],"wp:attachment":[{"href":"https:\/\/ignacioprocacitto.com.ar\/sitio\/wp-json\/wp\/v2\/media?parent=3630"}],"wp:term":[{"taxonomy":"category","embeddable":true,"href":"https:\/\/ignacioprocacitto.com.ar\/sitio\/wp-json\/wp\/v2\/categories?post=3630"},{"taxonomy":"post_tag","embeddable":true,"href":"https:\/\/ignacioprocacitto.com.ar\/sitio\/wp-json\/wp\/v2\/tags?post=3630"}],"curies":[{"name":"wp","href":"https:\/\/api.w.org\/{rel}","templated":true}]}}