{"id":3635,"date":"2023-04-10T12:48:41","date_gmt":"2023-04-10T15:48:41","guid":{"rendered":"https:\/\/ignacioprocacitto.com.ar\/sitio\/?p=3635"},"modified":"2023-05-02T20:08:49","modified_gmt":"2023-05-02T23:08:49","slug":"regresaron-con-el-protagonismo-de-siempre","status":"publish","type":"post","link":"https:\/\/ignacioprocacitto.com.ar\/sitio\/2023\/04\/10\/regresaron-con-el-protagonismo-de-siempre\/","title":{"rendered":"Regresaron con el protagonismo de siempre"},"content":{"rendered":"\n<p>Procacitto Racing se destac\u00f3 en Paran\u00e1 de la mano de Pablo Ortega, quien gan\u00f3 su serie y qued\u00f3 cuarto en la final<\/p>\n\n\n\n<!--more-->\n\n\n\n<p>Pablo Ortega apost\u00f3 al Procacitto Racing y ambas partes volvieron a pelear bien arriba en el Turismo Nacional Clase 2. El piloto tucumano finaliz\u00f3 cuarto en Paran\u00e1, por la tercera fecha del a\u00f1o, ganando su serie en la previa y siempre yendo de menor a mayor con la estructura de Las Rosas, Santa Fe.<\/p>\n\n\n\n<p>En una situaci\u00f3n in\u00e9dita, Ignacio Procacitto dej\u00f3 el volante para ser encargado del equipo familiar, que llevan adelante junto a su padre Carlos y su hermana Cintia. Bajo la direcci\u00f3n t\u00e9cnica de Cristian Galasso y motorizaci\u00f3n de los hermanos Riva, Pablo Ortega se sum\u00f3 como piloto y no defraud\u00f3. En entrenamientos estuvo dentro de los diez o doce mejores en todo momento, y a la hora de clasificar mejor\u00f3 para quedar sexto. Largando la tercera serie, tuvo una gran batalla por la victoria y pudo torcerla a su favor con una excelente maniobra, y as\u00ed quedar como uno de los favoritos para la final.<\/p>\n\n\n\n<p>La carrera se dio intensa y muy t\u00e1ctica, donde \u2018Pabloso\u2019 empez\u00f3 bien, coloc\u00e1ndose segundo pero un despiste le hizo perder algunas ubicaciones, y pasada la mitad de carrera no pudo m\u00e1s que ascender al cuarto puesto y finalizar con buenos puntos para subir muchos lugares en el certamen.<\/p>\n\n\n\n<p>\u201cDespu\u00e9s de esto, tenemos todas las buenas expectativas para el futuro, estuvimos s\u00faper bien con el equipo, son todos los chicos muy educados y reservados, me pareci\u00f3 todo excelente. Adem\u00e1s cuando el auto funciona de entrada, hicimos solo cambios m\u00ednimos y eso est\u00e1 bueno. Esperemos poder seguir igual, pelear por ganar carreras y sumar para pelear el campeonato, porque ahora estamos 14\u00ba y nos recontra ilusionamos\u201d, afirm\u00f3 Ortega.<\/p>\n\n\n\n<p>La pr\u00f3xima fecha ser\u00e1 el fin de semana del 7 de mayo en Concordia, Entre R\u00edos.<\/p>\n","protected":false},"excerpt":{"rendered":"<p>Procacitto Racing se destac\u00f3 en Paran\u00e1 de la mano de Pablo Ortega, quien gan\u00f3 su serie y qued\u00f3 cuarto en la final<\/p>\n","protected":false},"author":1,"featured_media":3636,"comment_status":"open","ping_status":"closed","sticky":false,"template":"","format":"standard","meta":{"footnotes":""},"categories":[3],"tags":[],"class_list":["post-3635","post","type-post","status-publish","format-standard","has-post-thumbnail","hentry","category-novedades"],"_links":{"self":[{"href":"https:\/\/ignacioprocacitto.com.ar\/sitio\/wp-json\/wp\/v2\/posts\/3635","targetHints":{"allow":["GET"]}}],"collection":[{"href":"https:\/\/ignacioprocacitto.com.ar\/sitio\/wp-json\/wp\/v2\/posts"}],"about":[{"href":"https:\/\/ignacioprocacitto.com.ar\/sitio\/wp-json\/wp\/v2\/types\/post"}],"author":[{"embeddable":true,"href":"https:\/\/ignacioprocacitto.com.ar\/sitio\/wp-json\/wp\/v2\/users\/1"}],"replies":[{"embeddable":true,"href":"https:\/\/ignacioprocacitto.com.ar\/sitio\/wp-json\/wp\/v2\/comments?post=3635"}],"version-history":[{"count":3,"href":"https:\/\/ignacioprocacitto.com.ar\/sitio\/wp-json\/wp\/v2\/posts\/3635\/revisions"}],"predecessor-version":[{"id":3688,"href":"https:\/\/ignacioprocacitto.com.ar\/sitio\/wp-json\/wp\/v2\/posts\/3635\/revisions\/3688"}],"wp:featuredmedia":[{"embeddable":true,"href":"https:\/\/ignacioprocacitto.com.ar\/sitio\/wp-json\/wp\/v2\/media\/3636"}],"wp:attachment":[{"href":"https:\/\/ignacioprocacitto.com.ar\/sitio\/wp-json\/wp\/v2\/media?parent=3635"}],"wp:term":[{"taxonomy":"category","embeddable":true,"href":"https:\/\/ignacioprocacitto.com.ar\/sitio\/wp-json\/wp\/v2\/categories?post=3635"},{"taxonomy":"post_tag","embeddable":true,"href":"https:\/\/ignacioprocacitto.com.ar\/sitio\/wp-json\/wp\/v2\/tags?post=3635"}],"curies":[{"name":"wp","href":"https:\/\/api.w.org\/{rel}","templated":true}]}}